{"id":6595,"date":"2025-06-01T12:50:00","date_gmt":"2025-06-01T12:50:00","guid":{"rendered":"https:\/\/www.elregional.cl\/?p=6595"},"modified":"2025-06-01T12:50:00","modified_gmt":"2025-06-01T12:50:00","slug":"la-serena-hombre-muere-en-la-via-publica-tras-ser-atacado-con-arma-blanca","status":"publish","type":"post","link":"https:\/\/www.elregional.cl\/?p=6595","title":{"rendered":"La Serena. Hombre muere en la v\u00eda p\u00fablica tras ser atacado con arma blanca"},"content":{"rendered":"<div class=\"td_block_wrap tdb_title tdi_14 tdb-single-title td-pb-border-top td_block_template_1\" data-td-block-uid=\"tdi_14\">\n<div class=\"tdb-block-inner td-fix-index\">\n<h1 class=\"tdb-title-text\"><\/h1>\n<\/div>\n<\/div>\n<div class=\"td_block_wrap tdb_single_content tdi_22 td-pb-border-top td_block_template_1 td-post-content tagdiv-type\" data-td-block-uid=\"tdi_22\">\n<div class=\"tdb-block-inner td-fix-index\">\n<p>Un hombre mayor de edad muri\u00f3 en la v\u00eda p\u00fablica esta jornada de viernes en la ciudad de La Serena, tras ser agredido con un arma blanca en la parte alta del cuerpo. Alrededor de la una de la madrugada, detectives de la Brigada de Homicidios La Serena y peritos del Laboratorio de Criminal\u00edstica Regional concurren hasta el sector de calle Guatemala, en sector Compa\u00f1\u00eda Alta de la capital regional.\u00a0 El personal de la PDI, por instrucci\u00f3n del Ministerio P\u00fablico desarroll\u00f3 las primeras diligencias por el hallazgo de un cad\u00e1ver.\u00a0 \u201cAl an\u00e1lisis externo policial el fallecido sin identificar, presenta heridas cortantes en la zona superior del cuerpo\u2026seguimos desarrollando diligencias para establecer la identidad del occiso y las circunstancias del homicidio con arma cortantes que habr\u00eda ocurrido tras una ri\u00f1a callejera\u00bb, inform\u00f3 el subprefecto Jos\u00e9 C\u00e1ceres jefe de la Brigada de Homicidios La Serena.<\/p>\n<div class=\"code-block code-block-2\">\n<div id=\"300x250-A\">\n<div id=\"sas_container_12761337\" data-eqt-ad=\"ad-12761337\"><span id=\"sas_advDiv_12761337\">SerenayCoquimbo.cl<\/span><\/div>\n<\/div>\n<\/div>\n<\/div>\n<\/div>\n","protected":false},"excerpt":{"rendered":"<p>Un hombre mayor de edad muri\u00f3 en la v\u00eda p\u00fablica esta jornada de viernes en la ciudad de La Serena, tras ser agredido con un arma blanca en la parte alta del cuerpo. Alrededor de la una de la madrugada, detectives de la Brigada de Homicidios La Serena y peritos del Laboratorio de Criminal\u00edstica Regional &hellip;<\/p>\n","protected":false},"author":2,"featured_media":6596,"comment_status":"closed","ping_status":"closed","sticky":false,"template":"","format":"standard","meta":{"footnotes":""},"categories":[2],"tags":[],"class_list":["post-6595","post","type-post","status-publish","format-standard","has-post-thumbnail","hentry","category-regionales"],"_links":{"self":[{"href":"https:\/\/www.elregional.cl\/index.php?rest_route=\/wp\/v2\/posts\/6595","targetHints":{"allow":["GET"]}}],"collection":[{"href":"https:\/\/www.elregional.cl\/index.php?rest_route=\/wp\/v2\/posts"}],"about":[{"href":"https:\/\/www.elregional.cl\/index.php?rest_route=\/wp\/v2\/types\/post"}],"author":[{"embeddable":true,"href":"https:\/\/www.elregional.cl\/index.php?rest_route=\/wp\/v2\/users\/2"}],"replies":[{"embeddable":true,"href":"https:\/\/www.elregional.cl\/index.php?rest_route=%2Fwp%2Fv2%2Fcomments&post=6595"}],"version-history":[{"count":1,"href":"https:\/\/www.elregional.cl\/index.php?rest_route=\/wp\/v2\/posts\/6595\/revisions"}],"predecessor-version":[{"id":6597,"href":"https:\/\/www.elregional.cl\/index.php?rest_route=\/wp\/v2\/posts\/6595\/revisions\/6597"}],"wp:featuredmedia":[{"embeddable":true,"href":"https:\/\/www.elregional.cl\/index.php?rest_route=\/wp\/v2\/media\/6596"}],"wp:attachment":[{"href":"https:\/\/www.elregional.cl\/index.php?rest_route=%2Fwp%2Fv2%2Fmedia&parent=6595"}],"wp:term":[{"taxonomy":"category","embeddable":true,"href":"https:\/\/www.elregional.cl\/index.php?rest_route=%2Fwp%2Fv2%2Fcategories&post=6595"},{"taxonomy":"post_tag","embeddable":true,"href":"https:\/\/www.elregional.cl\/index.php?rest_route=%2Fwp%2Fv2%2Ftags&post=6595"}],"curies":[{"name":"wp","href":"https:\/\/api.w.org\/{rel}","templated":true}]}}