{"id":6713,"date":"2025-06-03T22:20:04","date_gmt":"2025-06-03T22:20:04","guid":{"rendered":"https:\/\/www.elregional.cl\/?p=6713"},"modified":"2025-06-03T22:20:04","modified_gmt":"2025-06-03T22:20:04","slug":"ucrania-reivindica-un-ataque-submarino-con-explosivos-en-el-puente-de-crimea","status":"publish","type":"post","link":"https:\/\/www.elregional.cl\/?p=6713","title":{"rendered":"Ucrania reivindica un ataque submarino con explosivos en el puente de Crimea"},"content":{"rendered":"<article class=\"container max-w-screen-xl mx-auto mt-4 md:px-16 px-4\">\n<figure class=\"m-2 mx-auto relative\">\n<div class=\"video relative\">\n<div class=\"img cursor-pointer\">\n<div class=\"absolute top-0 left-0 z-0 h-20 w-20 bg-gray-500 bg-opacity-50 flex justify-center items-center\"><\/div>\n<\/div>\n<\/div>\n<\/figure>\n<p class=\"uppercase text-xs mx-auto mt-10 text-left font-bold pb-2\">EITB MEDIA<\/p>\n<div class=\"text-gray-600 text-xs mx-auto text-left\"><\/div>\n<div class=\"leading-relaxed pt-4 space-y-4 text-lg\">\n<p class=\"paragraph\" data-elhuyar-irakurri=\"true\">El Servicio de Seguridad de Ucrania (SBU) ha asegurado este martes que ha da\u00f1ado en una operaci\u00f3n especial los cimientos del puente de Kerch que une la pen\u00ednsula de Crimea con la Rusia continental al hacer explotar 1100 kilogramos de explosivos colocados bajo el agua.<\/p>\n<\/div>\n<\/article>\n","protected":false},"excerpt":{"rendered":"<p>EITB MEDIA El Servicio de Seguridad de Ucrania (SBU) ha asegurado este martes que ha da\u00f1ado en una operaci\u00f3n especial los cimientos del puente de Kerch que une la pen\u00ednsula de Crimea con la Rusia continental al hacer explotar 1100 kilogramos de explosivos colocados bajo el agua.<\/p>\n","protected":false},"author":2,"featured_media":6714,"comment_status":"closed","ping_status":"closed","sticky":false,"template":"","format":"standard","meta":{"footnotes":""},"categories":[4],"tags":[],"class_list":["post-6713","post","type-post","status-publish","format-standard","has-post-thumbnail","hentry","category-mundo"],"_links":{"self":[{"href":"https:\/\/www.elregional.cl\/index.php?rest_route=\/wp\/v2\/posts\/6713","targetHints":{"allow":["GET"]}}],"collection":[{"href":"https:\/\/www.elregional.cl\/index.php?rest_route=\/wp\/v2\/posts"}],"about":[{"href":"https:\/\/www.elregional.cl\/index.php?rest_route=\/wp\/v2\/types\/post"}],"author":[{"embeddable":true,"href":"https:\/\/www.elregional.cl\/index.php?rest_route=\/wp\/v2\/users\/2"}],"replies":[{"embeddable":true,"href":"https:\/\/www.elregional.cl\/index.php?rest_route=%2Fwp%2Fv2%2Fcomments&post=6713"}],"version-history":[{"count":1,"href":"https:\/\/www.elregional.cl\/index.php?rest_route=\/wp\/v2\/posts\/6713\/revisions"}],"predecessor-version":[{"id":6715,"href":"https:\/\/www.elregional.cl\/index.php?rest_route=\/wp\/v2\/posts\/6713\/revisions\/6715"}],"wp:featuredmedia":[{"embeddable":true,"href":"https:\/\/www.elregional.cl\/index.php?rest_route=\/wp\/v2\/media\/6714"}],"wp:attachment":[{"href":"https:\/\/www.elregional.cl\/index.php?rest_route=%2Fwp%2Fv2%2Fmedia&parent=6713"}],"wp:term":[{"taxonomy":"category","embeddable":true,"href":"https:\/\/www.elregional.cl\/index.php?rest_route=%2Fwp%2Fv2%2Fcategories&post=6713"},{"taxonomy":"post_tag","embeddable":true,"href":"https:\/\/www.elregional.cl\/index.php?rest_route=%2Fwp%2Fv2%2Ftags&post=6713"}],"curies":[{"name":"wp","href":"https:\/\/api.w.org\/{rel}","templated":true}]}}