{"id":6751,"date":"2025-06-03T22:48:57","date_gmt":"2025-06-03T22:48:57","guid":{"rendered":"https:\/\/www.elregional.cl\/?p=6751"},"modified":"2025-06-03T22:48:57","modified_gmt":"2025-06-03T22:48:57","slug":"israel-admite-que-disparan-a-gazaties-junto-a-puntos-de-comida-porque-se-ven-amenazados","status":"publish","type":"post","link":"https:\/\/www.elregional.cl\/?p=6751","title":{"rendered":"Israel admite que disparan a gazat\u00edes junto a puntos de comida porque se ven \u00abamenazados\u00bb"},"content":{"rendered":"<p>Al menos 27 personas han muerto y m\u00e1s de cien han resultado heridas esta madrugada cuando aguardaban cerca del centro de Tel al Sult\u00e1n en la ciudad sure\u00f1a de Rafah, el \u00fanico que est\u00e1 operativo desde el pasado viernes, confirm\u00f3 el Comit\u00e9 Internacional de la Cruz Roja.<\/p>\n<p>La viceministra israel\u00ed de Exteriores, Sharren Haskel, reconoci\u00f3 este martes que las tropas israel\u00edes han abierto fuego contra gazat\u00edes que esperaban para recoger comida en los nuevos centros de reparto, aunque insisti\u00f3 en que las tropas dispararon \u00ablejos y porque se sintieron amenazados\u00bb.<br \/>\n\u00abParece que algunos gazat\u00edes han tomado una ruta diferente que, de hecho, puso en peligro a algunos de nuestros soldados. Y cuando se sintieron amenazados, dispararon lejos del centro de distribuci\u00f3n contra ellos\u00bb, explic\u00f3 en una rueda de prensa para medios internacionales celebrada en la sede de Exteriores en Jerusal\u00e9n.<br \/>\nAl menos 27 personas han muerto y m\u00e1s de cien han resultado heridas esta madrugada cuando aguardaban cerca del centro de Tel al Sult\u00e1n en la ciudad sure\u00f1a de Rafah, el \u00fanico que est\u00e1 operativo desde el pasado viernes, confirm\u00f3 el Comit\u00e9 Internacional de la Cruz Roja.<br \/>\nEl Ej\u00e9rcito israel\u00ed reconoci\u00f3 este martes en un comunicado que dispar\u00f3 a alrededor de medio kil\u00f3metro del punto de distribuci\u00f3n \u00abcontra varios sospechosos que avanzaban hacia las tropas de forma que representaban una amenaza\u00bb, pero no aport\u00f3 pruebas.<br \/>\n\u00abEl incidente de esta ma\u00f1ana se est\u00e1 investigando ahora mismo\u00bb, dijo Haskel, aunque quiso dejar claro que es Ham\u00e1s quien \u00abintenta impedir a los civiles\u00bb llegar a estos nuevos complejos.<br \/>\nDesde el pasado martes, 27 de mayo, cuando empezaron a operar tres nuevos puntos de reparto en el enclave palestino gestionados por la Fundaci\u00f3n Humanitaria para Gaza (GHF, por sus siglas en ingl\u00e9s), apoyada por Estados Unidos, al menos 102 personas han muerto por disparos de las tropas mientras esperaban cerca de ellos para recoger comida, denunci\u00f3 hoy Ham\u00e1s.<\/p>\n<p>Fuente: https:\/\/www.soychile.cl\/santiago\/internacional\/2025\/06\/03\/908239\/israel-dispara-gazaties-puntos-comida.html<br \/>\nSitio:Soychile.cl<\/p>\n","protected":false},"excerpt":{"rendered":"<p>Al menos 27 personas han muerto y m\u00e1s de cien han resultado heridas esta madrugada cuando aguardaban cerca del centro de Tel al Sult\u00e1n en la ciudad sure\u00f1a de Rafah, el \u00fanico que est\u00e1 operativo desde el pasado viernes, confirm\u00f3 el Comit\u00e9 Internacional de la Cruz Roja. La viceministra israel\u00ed de Exteriores, Sharren Haskel, reconoci\u00f3 &hellip;<\/p>\n","protected":false},"author":2,"featured_media":6752,"comment_status":"closed","ping_status":"closed","sticky":false,"template":"","format":"standard","meta":{"footnotes":""},"categories":[4],"tags":[],"class_list":["post-6751","post","type-post","status-publish","format-standard","has-post-thumbnail","hentry","category-mundo"],"_links":{"self":[{"href":"https:\/\/www.elregional.cl\/index.php?rest_route=\/wp\/v2\/posts\/6751","targetHints":{"allow":["GET"]}}],"collection":[{"href":"https:\/\/www.elregional.cl\/index.php?rest_route=\/wp\/v2\/posts"}],"about":[{"href":"https:\/\/www.elregional.cl\/index.php?rest_route=\/wp\/v2\/types\/post"}],"author":[{"embeddable":true,"href":"https:\/\/www.elregional.cl\/index.php?rest_route=\/wp\/v2\/users\/2"}],"replies":[{"embeddable":true,"href":"https:\/\/www.elregional.cl\/index.php?rest_route=%2Fwp%2Fv2%2Fcomments&post=6751"}],"version-history":[{"count":1,"href":"https:\/\/www.elregional.cl\/index.php?rest_route=\/wp\/v2\/posts\/6751\/revisions"}],"predecessor-version":[{"id":6753,"href":"https:\/\/www.elregional.cl\/index.php?rest_route=\/wp\/v2\/posts\/6751\/revisions\/6753"}],"wp:featuredmedia":[{"embeddable":true,"href":"https:\/\/www.elregional.cl\/index.php?rest_route=\/wp\/v2\/media\/6752"}],"wp:attachment":[{"href":"https:\/\/www.elregional.cl\/index.php?rest_route=%2Fwp%2Fv2%2Fmedia&parent=6751"}],"wp:term":[{"taxonomy":"category","embeddable":true,"href":"https:\/\/www.elregional.cl\/index.php?rest_route=%2Fwp%2Fv2%2Fcategories&post=6751"},{"taxonomy":"post_tag","embeddable":true,"href":"https:\/\/www.elregional.cl\/index.php?rest_route=%2Fwp%2Fv2%2Ftags&post=6751"}],"curies":[{"name":"wp","href":"https:\/\/api.w.org\/{rel}","templated":true}]}}