{"id":6840,"date":"2025-06-06T19:54:50","date_gmt":"2025-06-06T19:54:50","guid":{"rendered":"https:\/\/www.elregional.cl\/?p=6840"},"modified":"2025-06-06T19:54:50","modified_gmt":"2025-06-06T19:54:50","slug":"ejercito-israeli-bombardea-el-sur-de-la-capital-de-libano","status":"publish","type":"post","link":"https:\/\/www.elregional.cl\/?p=6840","title":{"rendered":"Ej\u00e9rcito israel\u00ec bombardea el sur de la capital de L\u00edbano"},"content":{"rendered":"<div class=\"post-header-inner\">\n<div class=\"post-header-title\">\n<h1 class=\"single-post-title\"><\/h1>\n<\/div>\n<\/div>\n<div class=\"entry-content clearfix single-post-content\">\n<div class=\"continue-reading-content\">\n<p>El Ej\u00e9rcito de Israel ha anunciado este jueves que ha bombardeado los suburbios de la capital de L\u00edbano, Beirut, despu\u00e9s de que hubiera pedido su evacuaci\u00f3n al informar de que iban a atacar \u00abvarias\u00bb infraestructuras subterr\u00e1neas destinadas a la producci\u00f3n de drones del partido-milicia chi\u00ed liban\u00e9s Hezbol\u00e1.<\/p>\n<p>\u00abActualmente, las Fuerzas de Defensa de Israel (FDI) est\u00e1n atacando objetivos terroristas de la unidad a\u00e9rea de la organizaci\u00f3n terrorista Hezbol\u00e1 (Unidad 127) en Dahiya, Beirut\u00bb, reza un comunicado publicado en su perfil de la red social X.<\/p>\n<p>Minutos antes, el portavoz en \u00e1rabe del Ej\u00e9rcito israel\u00ed, Avichai Adrai, hab\u00eda se\u00f1alado que hab\u00edan detectado una unidad a\u00e9rea de Hezbol\u00e1 \u00abbajo la direcci\u00f3n y financiaci\u00f3n de organizaciones terroristas iran\u00edes\u00bb, recordando que el grupo \u00abha utilizado drones ampliamente en sus ataques contra el Estado de Israel\u00bb.<\/p>\n<p>\u00abEst\u00e1 trabajando para expandir su producci\u00f3n de drones en preparaci\u00f3n para la pr\u00f3xima guerra con Israel. Estas actividades constituyen una flagrante violaci\u00f3n de los entendimientos entre Israel y L\u00edbano, ya que Hezbol\u00e1 desaf\u00eda al Estado liban\u00e9s e impide su implementaci\u00f3n\u00bb, hab\u00eda indicado.<\/p>\n<p>Adem\u00e1s, ha emitido \u00abuna advertencia urgente\u00bb para los residentes de Ain Qana, en la gobernaci\u00f3n de Nabati\u00e9, en el sur de L\u00edbano. Adrai ha adjuntado un mapa en el que ha se\u00f1alado un edificio y ha advertido a quienes se encuentran en sus proximidades.<\/p>\n<p>\u00abSe encuentra cerca de instalaciones pertenecientes al grupo terrorista Hezbol\u00e1. Por su seguridad y la de sus familias, est\u00e1n obligados a evacuar estos edificios inmediatamente y alejarse al menos 500 metros\u00bb, ha agregado.<\/p>\n<\/div>\n<\/div>\n","protected":false},"excerpt":{"rendered":"<p>El Ej\u00e9rcito de Israel ha anunciado este jueves que ha bombardeado los suburbios de la capital de L\u00edbano, Beirut, despu\u00e9s de que hubiera pedido su evacuaci\u00f3n al informar de que iban a atacar \u00abvarias\u00bb infraestructuras subterr\u00e1neas destinadas a la producci\u00f3n de drones del partido-milicia chi\u00ed liban\u00e9s Hezbol\u00e1. \u00abActualmente, las Fuerzas de Defensa de Israel (FDI) &hellip;<\/p>\n","protected":false},"author":2,"featured_media":6841,"comment_status":"closed","ping_status":"closed","sticky":false,"template":"","format":"standard","meta":{"footnotes":""},"categories":[4],"tags":[],"class_list":["post-6840","post","type-post","status-publish","format-standard","has-post-thumbnail","hentry","category-mundo"],"_links":{"self":[{"href":"https:\/\/www.elregional.cl\/index.php?rest_route=\/wp\/v2\/posts\/6840","targetHints":{"allow":["GET"]}}],"collection":[{"href":"https:\/\/www.elregional.cl\/index.php?rest_route=\/wp\/v2\/posts"}],"about":[{"href":"https:\/\/www.elregional.cl\/index.php?rest_route=\/wp\/v2\/types\/post"}],"author":[{"embeddable":true,"href":"https:\/\/www.elregional.cl\/index.php?rest_route=\/wp\/v2\/users\/2"}],"replies":[{"embeddable":true,"href":"https:\/\/www.elregional.cl\/index.php?rest_route=%2Fwp%2Fv2%2Fcomments&post=6840"}],"version-history":[{"count":1,"href":"https:\/\/www.elregional.cl\/index.php?rest_route=\/wp\/v2\/posts\/6840\/revisions"}],"predecessor-version":[{"id":6842,"href":"https:\/\/www.elregional.cl\/index.php?rest_route=\/wp\/v2\/posts\/6840\/revisions\/6842"}],"wp:featuredmedia":[{"embeddable":true,"href":"https:\/\/www.elregional.cl\/index.php?rest_route=\/wp\/v2\/media\/6841"}],"wp:attachment":[{"href":"https:\/\/www.elregional.cl\/index.php?rest_route=%2Fwp%2Fv2%2Fmedia&parent=6840"}],"wp:term":[{"taxonomy":"category","embeddable":true,"href":"https:\/\/www.elregional.cl\/index.php?rest_route=%2Fwp%2Fv2%2Fcategories&post=6840"},{"taxonomy":"post_tag","embeddable":true,"href":"https:\/\/www.elregional.cl\/index.php?rest_route=%2Fwp%2Fv2%2Ftags&post=6840"}],"curies":[{"name":"wp","href":"https:\/\/api.w.org\/{rel}","templated":true}]}}