{"id":6905,"date":"2025-06-09T17:14:43","date_gmt":"2025-06-09T17:14:43","guid":{"rendered":"https:\/\/www.elregional.cl\/?p=6905"},"modified":"2025-06-09T17:14:43","modified_gmt":"2025-06-09T17:14:43","slug":"detienen-a-sujetos-por-robar-patineta-electrica-en-ovalle","status":"publish","type":"post","link":"https:\/\/www.elregional.cl\/?p=6905","title":{"rendered":"Detienen a sujetos por robar patineta el\u00e9ctrica en Ovalle"},"content":{"rendered":"<div class=\"td_block_wrap tdb_title tdi_13 tdb-single-title td-pb-border-top td_block_template_1\" data-td-block-uid=\"tdi_13\">\n<div class=\"tdb-block-inner td-fix-index\">\n<h1 class=\"tdb-title-text\"><\/h1>\n<\/div>\n<\/div>\n<div class=\"td_block_wrap tdb_single_content tdi_22 td-pb-border-top td_block_template_1 td-post-content tagdiv-type\" data-td-block-uid=\"tdi_22\">\n<div class=\"tdb-block-inner td-fix-index\">\n<p>El robo habr\u00eda ocurrido durante la jornada del d\u00eda s\u00e1bado.<\/p>\n<p><span id=\"more-194264\"><\/span><a title=\"\" href=\"https:\/\/www.carabineros.cl\/\" target=\"_blank\" rel=\"noopener nofollow\">Carabineros<\/a>\u00a0del plan cuadrante la 3ra Comisar\u00eda de Ovalle, se traslad\u00f3 el pasado s\u00e1bado 7 de junio, hasta el domicilio de una v\u00edctima quien manifest\u00f3 haber sido abordado por tres individuos que lo persiguieron y le robaron con violencia su patineta el\u00e9ctrica.<\/p>\n<p>Tras tomar conocimiento del hecho personal policial en conjunto con la v\u00edctima, realizaron un patrullaje por el sector logrando dar con el paradero de los tres involucrados quienes estaban abordo de un veh\u00edculo en Villa El Libertador.<\/p>\n<h2 class=\"wp-block-heading\">Detenidos<\/h2>\n<p>Durante el procedimiento se detuvo a tres sujetos por el delito de robo con violencia y al conductor del veh\u00edculo por el delito de receptaci\u00f3n, ya que la patineta se encontraba dentro del veh\u00edculo. Cabe destacar que las cuatro personas no contaban con antecedentes penales previos<\/p>\n<\/div>\n<\/div>\n","protected":false},"excerpt":{"rendered":"<p>El robo habr\u00eda ocurrido durante la jornada del d\u00eda s\u00e1bado. Carabineros\u00a0del plan cuadrante la 3ra Comisar\u00eda de Ovalle, se traslad\u00f3 el pasado s\u00e1bado 7 de junio, hasta el domicilio de una v\u00edctima quien manifest\u00f3 haber sido abordado por tres individuos que lo persiguieron y le robaron con violencia su patineta el\u00e9ctrica. Tras tomar conocimiento del &hellip;<\/p>\n","protected":false},"author":2,"featured_media":6906,"comment_status":"closed","ping_status":"closed","sticky":false,"template":"","format":"standard","meta":{"footnotes":""},"categories":[2],"tags":[],"class_list":["post-6905","post","type-post","status-publish","format-standard","has-post-thumbnail","hentry","category-regionales"],"_links":{"self":[{"href":"https:\/\/www.elregional.cl\/index.php?rest_route=\/wp\/v2\/posts\/6905","targetHints":{"allow":["GET"]}}],"collection":[{"href":"https:\/\/www.elregional.cl\/index.php?rest_route=\/wp\/v2\/posts"}],"about":[{"href":"https:\/\/www.elregional.cl\/index.php?rest_route=\/wp\/v2\/types\/post"}],"author":[{"embeddable":true,"href":"https:\/\/www.elregional.cl\/index.php?rest_route=\/wp\/v2\/users\/2"}],"replies":[{"embeddable":true,"href":"https:\/\/www.elregional.cl\/index.php?rest_route=%2Fwp%2Fv2%2Fcomments&post=6905"}],"version-history":[{"count":1,"href":"https:\/\/www.elregional.cl\/index.php?rest_route=\/wp\/v2\/posts\/6905\/revisions"}],"predecessor-version":[{"id":6907,"href":"https:\/\/www.elregional.cl\/index.php?rest_route=\/wp\/v2\/posts\/6905\/revisions\/6907"}],"wp:featuredmedia":[{"embeddable":true,"href":"https:\/\/www.elregional.cl\/index.php?rest_route=\/wp\/v2\/media\/6906"}],"wp:attachment":[{"href":"https:\/\/www.elregional.cl\/index.php?rest_route=%2Fwp%2Fv2%2Fmedia&parent=6905"}],"wp:term":[{"taxonomy":"category","embeddable":true,"href":"https:\/\/www.elregional.cl\/index.php?rest_route=%2Fwp%2Fv2%2Fcategories&post=6905"},{"taxonomy":"post_tag","embeddable":true,"href":"https:\/\/www.elregional.cl\/index.php?rest_route=%2Fwp%2Fv2%2Ftags&post=6905"}],"curies":[{"name":"wp","href":"https:\/\/api.w.org\/{rel}","templated":true}]}}