{"id":6927,"date":"2025-06-09T17:38:14","date_gmt":"2025-06-09T17:38:14","guid":{"rendered":"https:\/\/www.elregional.cl\/?p=6927"},"modified":"2025-06-09T17:38:14","modified_gmt":"2025-06-09T17:38:14","slug":"amplian-plazos-para-licitacion-del-proyecto-desaladora-coquimbo","status":"publish","type":"post","link":"https:\/\/www.elregional.cl\/?p=6927","title":{"rendered":"Ampl\u00edan plazos para licitaci\u00f3n del proyecto Desaladora Coquimbo"},"content":{"rendered":"<div class=\"td_block_wrap tdb_title tdi_13 tdb-single-title td-pb-border-top td_block_template_1\" data-td-block-uid=\"tdi_13\">\n<div class=\"tdb-block-inner td-fix-index\">\n<h1 class=\"tdb-title-text\"><\/h1>\n<\/div>\n<\/div>\n<div class=\"td_block_wrap tdb_single_content tdi_22 td-pb-border-top td_block_template_1 td-post-content tagdiv-type\" data-td-block-uid=\"tdi_22\">\n<div class=\"tdb-block-inner td-fix-index\">\n<p><em>Una cantidad importante de empresas han manifestado su inter\u00e9s en participar en el proceso licitatorio, lo que refuerza el car\u00e1cter estrat\u00e9gico de esta obra. El proyecto contempla obras para una operaci\u00f3n inicial de 800 l\/s, con opci\u00f3n de ampliaci\u00f3n a una capacidad total de 1.200 l\/s. Se trata de una inversi\u00f3n estimada de USD 350 millones y ser\u00e1 la primera planta desaladora concesionada en el pa\u00eds.<\/em><\/p>\n<p><span id=\"more-194267\"><\/span>La Direcci\u00f3n General de Concesiones (<a title=\"\" href=\"https:\/\/concesiones.mop.gob.cl\/\" target=\"_blank\" rel=\"noopener nofollow\">DGC<\/a>) del Ministerio de Obras P\u00fablicas inform\u00f3 que se ampliar\u00e1n los plazos de recepci\u00f3n de ofertas para el proyecto\u00a0<em>Concesi\u00f3n Planta Desaladora para la regi\u00f3n de Coquimbo<\/em>, que involucra una inversi\u00f3n estimada de USD 350 millones (UF 8.195.000). El ajuste de la calendarizaci\u00f3n tiene por objeto favorecer la participaci\u00f3n de empresas que ya han manifestado inter\u00e9s en la iniciativa y asegurar el \u00e9xito de la adjudicaci\u00f3n de una obra clave para el suministro de agua potable en la regi\u00f3n de Coquimbo.<\/p>\n<p>Actualmente, el proceso ha despertado el inter\u00e9s de 19 empresas, de las cuales se vislumbra la conformaci\u00f3n de consorcios entre algunas de ellas, y en total 12 empresas han solicitado contar con m\u00e1s plazo para profundizar sus estudios t\u00e9cnicos y estructuraciones financieras, abarcando casi el total de los posibles consorcios identificados, as\u00ed como de empresas que participar\u00edan de manera individual.<\/p>\n<p>Ante ello, y en l\u00ednea con el compromiso del Gobierno por impulsar esta obra de manera exitosa, la DGC resolvi\u00f3 extender los plazos de Recepci\u00f3n de Ofertas T\u00e9cnicas y Econ\u00f3micas y de la Apertura de Ofertas Econ\u00f3micas, para facilitar una participaci\u00f3n robusta y competitiva<\/p>\n<\/div>\n<\/div>\n","protected":false},"excerpt":{"rendered":"<p>Una cantidad importante de empresas han manifestado su inter\u00e9s en participar en el proceso licitatorio, lo que refuerza el car\u00e1cter estrat\u00e9gico de esta obra. El proyecto contempla obras para una operaci\u00f3n inicial de 800 l\/s, con opci\u00f3n de ampliaci\u00f3n a una capacidad total de 1.200 l\/s. Se trata de una inversi\u00f3n estimada de USD 350 &hellip;<\/p>\n","protected":false},"author":2,"featured_media":6928,"comment_status":"closed","ping_status":"closed","sticky":false,"template":"","format":"standard","meta":{"footnotes":""},"categories":[2],"tags":[],"class_list":["post-6927","post","type-post","status-publish","format-standard","has-post-thumbnail","hentry","category-regionales"],"_links":{"self":[{"href":"https:\/\/www.elregional.cl\/index.php?rest_route=\/wp\/v2\/posts\/6927","targetHints":{"allow":["GET"]}}],"collection":[{"href":"https:\/\/www.elregional.cl\/index.php?rest_route=\/wp\/v2\/posts"}],"about":[{"href":"https:\/\/www.elregional.cl\/index.php?rest_route=\/wp\/v2\/types\/post"}],"author":[{"embeddable":true,"href":"https:\/\/www.elregional.cl\/index.php?rest_route=\/wp\/v2\/users\/2"}],"replies":[{"embeddable":true,"href":"https:\/\/www.elregional.cl\/index.php?rest_route=%2Fwp%2Fv2%2Fcomments&post=6927"}],"version-history":[{"count":1,"href":"https:\/\/www.elregional.cl\/index.php?rest_route=\/wp\/v2\/posts\/6927\/revisions"}],"predecessor-version":[{"id":6929,"href":"https:\/\/www.elregional.cl\/index.php?rest_route=\/wp\/v2\/posts\/6927\/revisions\/6929"}],"wp:featuredmedia":[{"embeddable":true,"href":"https:\/\/www.elregional.cl\/index.php?rest_route=\/wp\/v2\/media\/6928"}],"wp:attachment":[{"href":"https:\/\/www.elregional.cl\/index.php?rest_route=%2Fwp%2Fv2%2Fmedia&parent=6927"}],"wp:term":[{"taxonomy":"category","embeddable":true,"href":"https:\/\/www.elregional.cl\/index.php?rest_route=%2Fwp%2Fv2%2Fcategories&post=6927"},{"taxonomy":"post_tag","embeddable":true,"href":"https:\/\/www.elregional.cl\/index.php?rest_route=%2Fwp%2Fv2%2Ftags&post=6927"}],"curies":[{"name":"wp","href":"https:\/\/api.w.org\/{rel}","templated":true}]}}