{"id":701,"date":"2024-08-25T21:27:14","date_gmt":"2024-08-25T21:27:14","guid":{"rendered":"https:\/\/www.elregional.cl\/?p=701"},"modified":"2024-08-25T21:27:14","modified_gmt":"2024-08-25T21:27:14","slug":"de-la-mano-de-san-altamirano-los-papayeros-dan-otro-paso-al-titulo","status":"publish","type":"post","link":"https:\/\/www.elregional.cl\/?p=701","title":{"rendered":"De la mano de \u00abSan Altamirano\u00bb Los Papayeros dan otro paso al T\u00edtulo."},"content":{"rendered":"<p>Ante un marco de casi 7000 mil espectadores, Deportes la Serena recibi\u00f3 en el Estadio La Portada a San Luis de Quillota.<\/p>\n<p>En un encuentro cerrado San Luis planific\u00f3 una estricta presi\u00f3n sobre los creadores granates, lo cual les dio resultados a los canarios por grandes pasajes del cotejo, pero Deportes La Serena cuenta en este certamen con un \u00abiluminado\u00bb como lo es el delantero Lionel Altamirano el cual mediante dos genialidades marc\u00f3 los dos goles que le dieron el triunfo a los locales.<\/p>\n<p>Andr\u00e9s Sandoval Z.<\/p>\n","protected":false},"excerpt":{"rendered":"<p>Ante un marco de casi 7000 mil espectadores, Deportes la Serena recibi\u00f3 en el Estadio La Portada a San Luis de Quillota. En un encuentro cerrado San Luis planific\u00f3 una estricta presi\u00f3n sobre los creadores granates, lo cual les dio resultados a los canarios por grandes pasajes del cotejo, pero Deportes La Serena cuenta en &hellip;<\/p>\n","protected":false},"author":2,"featured_media":0,"comment_status":"closed","ping_status":"closed","sticky":false,"template":"","format":"standard","meta":{"footnotes":""},"categories":[5],"tags":[],"class_list":["post-701","post","type-post","status-publish","format-standard","hentry","category-deportes"],"_links":{"self":[{"href":"https:\/\/www.elregional.cl\/index.php?rest_route=\/wp\/v2\/posts\/701","targetHints":{"allow":["GET"]}}],"collection":[{"href":"https:\/\/www.elregional.cl\/index.php?rest_route=\/wp\/v2\/posts"}],"about":[{"href":"https:\/\/www.elregional.cl\/index.php?rest_route=\/wp\/v2\/types\/post"}],"author":[{"embeddable":true,"href":"https:\/\/www.elregional.cl\/index.php?rest_route=\/wp\/v2\/users\/2"}],"replies":[{"embeddable":true,"href":"https:\/\/www.elregional.cl\/index.php?rest_route=%2Fwp%2Fv2%2Fcomments&post=701"}],"version-history":[{"count":1,"href":"https:\/\/www.elregional.cl\/index.php?rest_route=\/wp\/v2\/posts\/701\/revisions"}],"predecessor-version":[{"id":703,"href":"https:\/\/www.elregional.cl\/index.php?rest_route=\/wp\/v2\/posts\/701\/revisions\/703"}],"wp:attachment":[{"href":"https:\/\/www.elregional.cl\/index.php?rest_route=%2Fwp%2Fv2%2Fmedia&parent=701"}],"wp:term":[{"taxonomy":"category","embeddable":true,"href":"https:\/\/www.elregional.cl\/index.php?rest_route=%2Fwp%2Fv2%2Fcategories&post=701"},{"taxonomy":"post_tag","embeddable":true,"href":"https:\/\/www.elregional.cl\/index.php?rest_route=%2Fwp%2Fv2%2Ftags&post=701"}],"curies":[{"name":"wp","href":"https:\/\/api.w.org\/{rel}","templated":true}]}}