{"id":7113,"date":"2025-06-16T09:20:58","date_gmt":"2025-06-16T09:20:58","guid":{"rendered":"https:\/\/www.elregional.cl\/?p=7113"},"modified":"2025-06-16T09:20:58","modified_gmt":"2025-06-16T09:20:58","slug":"incertidumbre-por-la-waiver-viajeros-chilenos-optan-por-sacar-visas-de-turismo-y-visitantes-a-ee-uu-caen","status":"publish","type":"post","link":"https:\/\/www.elregional.cl\/?p=7113","title":{"rendered":"Incertidumbre por la Waiver: Viajeros chilenos optan por sacar visas de turismo y visitantes a EE.UU. caen"},"content":{"rendered":"<div class=\"div_titulo\">\n<h1 id=\"ucDetalle_TituloNoticia\"><\/h1>\n<\/div>\n<div class=\"div_h2\">\n<h5 id=\"ucDetalle_BajadaNoticia\">Pasajeros que salen desde Chile al pa\u00eds norteamericano disminuyeron 7,5% en abril, seg\u00fan datos de la JAC. Entre especialistas debaten si los problemas de la Visa Waiver son uno de los motivos del fen\u00f3meno.<\/h5>\n<\/div>\n<div class=\"contenedor-columnas\" data-vista=\"relato\">\n<div class=\"box-central\">\n<div class=\"mrcdr_cont_relato\"><\/div>\n<\/div>\n<\/div>\n<div class=\"contenedor_social_emol\"><\/div>\n<div id=\"ucDetalle_CuerpoNoticia\" class=\"cuerpo_noticia cuerpo_noti_height_full\">\n<div>A Alejandra (27) le quedaban 15 minutos para abordar el vuelo con destino a Miami, a fines de mayo, cuando la llamaron por altoparlante. \u00abNos avisaron que no pod\u00edamos viajar debido a que nos cancelaron la Visa Waiver a m\u00ed y mi pareja\u00bb. Eran sus vacaciones junto a su hija de un a\u00f1o para visitar Miami y luego trasladarse a Orlando para recorrer los parques de Disney. Otros viajeros chilenos tambi\u00e9n han alertado problemas similares en las \u00faltimas semanas. A trav\u00e9s de redes sociales,\u00a0<b>advierten de masivos rechazos de \u00faltimo minuto en los permisos de entrada a Estados Unidos (EE.UU.)<\/b>, pese a recibir la aprobaci\u00f3n del Sistema Electr\u00f3nico para la Autorizaci\u00f3n de Viajes (ESTA, por su sigla en ingl\u00e9s).\u00a0<b>\u00c9sta facilita a los ciudadanos chilenos viajar a EE.UU. por turismo o negocios, con un plazo m\u00e1ximo de 90 d\u00edas, como parte del Programa de Exenci\u00f3n de Visa (VWP), conocido como Visa Waiver.<\/b><\/div>\n<\/div>\n","protected":false},"excerpt":{"rendered":"<p>Pasajeros que salen desde Chile al pa\u00eds norteamericano disminuyeron 7,5% en abril, seg\u00fan datos de la JAC. Entre especialistas debaten si los problemas de la Visa Waiver son uno de los motivos del fen\u00f3meno. A Alejandra (27) le quedaban 15 minutos para abordar el vuelo con destino a Miami, a fines de mayo, cuando la &hellip;<\/p>\n","protected":false},"author":2,"featured_media":7114,"comment_status":"closed","ping_status":"closed","sticky":false,"template":"","format":"standard","meta":{"footnotes":""},"categories":[4],"tags":[],"class_list":["post-7113","post","type-post","status-publish","format-standard","has-post-thumbnail","hentry","category-mundo"],"_links":{"self":[{"href":"https:\/\/www.elregional.cl\/index.php?rest_route=\/wp\/v2\/posts\/7113","targetHints":{"allow":["GET"]}}],"collection":[{"href":"https:\/\/www.elregional.cl\/index.php?rest_route=\/wp\/v2\/posts"}],"about":[{"href":"https:\/\/www.elregional.cl\/index.php?rest_route=\/wp\/v2\/types\/post"}],"author":[{"embeddable":true,"href":"https:\/\/www.elregional.cl\/index.php?rest_route=\/wp\/v2\/users\/2"}],"replies":[{"embeddable":true,"href":"https:\/\/www.elregional.cl\/index.php?rest_route=%2Fwp%2Fv2%2Fcomments&post=7113"}],"version-history":[{"count":1,"href":"https:\/\/www.elregional.cl\/index.php?rest_route=\/wp\/v2\/posts\/7113\/revisions"}],"predecessor-version":[{"id":7115,"href":"https:\/\/www.elregional.cl\/index.php?rest_route=\/wp\/v2\/posts\/7113\/revisions\/7115"}],"wp:featuredmedia":[{"embeddable":true,"href":"https:\/\/www.elregional.cl\/index.php?rest_route=\/wp\/v2\/media\/7114"}],"wp:attachment":[{"href":"https:\/\/www.elregional.cl\/index.php?rest_route=%2Fwp%2Fv2%2Fmedia&parent=7113"}],"wp:term":[{"taxonomy":"category","embeddable":true,"href":"https:\/\/www.elregional.cl\/index.php?rest_route=%2Fwp%2Fv2%2Fcategories&post=7113"},{"taxonomy":"post_tag","embeddable":true,"href":"https:\/\/www.elregional.cl\/index.php?rest_route=%2Fwp%2Fv2%2Ftags&post=7113"}],"curies":[{"name":"wp","href":"https:\/\/api.w.org\/{rel}","templated":true}]}}