{"id":7150,"date":"2025-06-16T22:56:40","date_gmt":"2025-06-16T22:56:40","guid":{"rendered":"https:\/\/www.elregional.cl\/?p=7150"},"modified":"2025-06-16T22:58:06","modified_gmt":"2025-06-16T22:58:06","slug":"cantidad-de-agua-caida-hasta-este-mediodia-de-lunes-en-la-region-de-coquimbo","status":"publish","type":"post","link":"https:\/\/www.elregional.cl\/?p=7150","title":{"rendered":"Cantidad de agua ca\u00edda hasta este mediod\u00eda de lunes en la Regi\u00f3n de Coquimbo"},"content":{"rendered":"<div class=\"td-post-header\">\n<header class=\"td-post-title\">\n<h1 class=\"entry-title\"><\/h1>\n<\/header>\n<\/div>\n<div class=\"td-post-content\">\n<p>Un\u00a0<strong>nuevo sistema frontal<\/strong>\u00a0ha impactado la Regi\u00f3n de Coquimbo durante este lunes 16 de junio, dejando importantes acumulaciones de agua en diversas localidades. Las precipitaciones, que comenzaron durante la jornada, se espera que\u00a0<strong>contin\u00faen hasta esta noche<\/strong>.<\/p>\n<p><span id=\"more-194639\"><\/span>Seg\u00fan los reportes de las estaciones de\u00a0<a title=\"\" href=\"http:\/\/www.laserenaonline.cl\/\" target=\"_blank\" rel=\"noopener\">Meteored<\/a>\u00a0hasta el mediod\u00eda, la zona costera y el sur de la regi\u00f3n son las m\u00e1s afectadas, con cifras que superan lo esperado en algunas \u00e1reas.<\/p>\n<h3 class=\"wp-block-heading\">Detalles de la Lluvia Ca\u00edda hasta el Mediod\u00eda<\/h3>\n<figure class=\"wp-block-image size-large\"><img loading=\"lazy\" decoding=\"async\" class=\"wp-image-174508\" src=\"https:\/\/laserenaonline.cl\/wp-content\/uploads\/2024\/05\/lluvia-1024x682.webp\" sizes=\"auto, (max-width: 1024px) 100vw, 1024px\" srcset=\"https:\/\/laserenaonline.cl\/wp-content\/uploads\/2024\/05\/lluvia-1024x682.webp 1024w, https:\/\/laserenaonline.cl\/wp-content\/uploads\/2024\/05\/lluvia-300x200.webp 300w, https:\/\/laserenaonline.cl\/wp-content\/uploads\/2024\/05\/lluvia-768x512.webp 768w, https:\/\/laserenaonline.cl\/wp-content\/uploads\/2024\/05\/lluvia-630x420.webp 630w, https:\/\/laserenaonline.cl\/wp-content\/uploads\/2024\/05\/lluvia-696x464.webp 696w, https:\/\/laserenaonline.cl\/wp-content\/uploads\/2024\/05\/lluvia-1068x712.webp 1068w, https:\/\/laserenaonline.cl\/wp-content\/uploads\/2024\/05\/lluvia.webp 1280w\" alt=\"\" width=\"1024\" height=\"682\" \/><\/figure>\n<p>A continuaci\u00f3n, el detalle de las cantidades de agua ca\u00edda (en mil\u00edmetros) por sector:<\/p>\n<ul class=\"wp-block-list\">\n<li><strong>Pichidangui:<\/strong>\u00a065.0 mm<\/li>\n<li><strong>Los Vilos:<\/strong>\u00a049.8 mm<\/li>\n<li><strong>Mincha:<\/strong>\u00a037.5 mm<\/li>\n<li><strong>Huentelauqu\u00e9n:<\/strong>\u00a038.9 mm<\/li>\n<li><strong>Coquimbo:<\/strong>\u00a029.7 mm<\/li>\n<li><strong>Pe\u00f1ablanca:<\/strong>\u00a028.6 mm<\/li>\n<li><strong>Illapel:<\/strong>\u00a024.2 mm<\/li>\n<li><strong>Combarbal\u00e1:<\/strong>\u00a020.4 mm<\/li>\n<li><strong>Ovalle:<\/strong>\u00a019.6 mm<\/li>\n<li><strong>Salamanca:<\/strong>\u00a019.8 mm<\/li>\n<li><strong>La Serena:<\/strong>\u00a018.2 mm<\/li>\n<li><strong>Monte Patria:<\/strong>\u00a011.8 mm<\/li>\n<\/ul>\n<h2 class=\"wp-block-heading\">Prevenci\u00f3n<\/h2>\n<p>Las autoridades hacen un llamado a la comunidad a extremar las precauciones ante las condiciones clim\u00e1ticas y el posible aumento de los caudales en r\u00edos y esteros, especialmente en las zonas m\u00e1s afectadas. Se recomienda mantenerse informado a trav\u00e9s de los canales oficiales y evitar transitar por zonas anegadas.<\/p>\n<\/div>\n","protected":false},"excerpt":{"rendered":"<p>Un\u00a0nuevo sistema frontal\u00a0ha impactado la Regi\u00f3n de Coquimbo durante este lunes 16 de junio, dejando importantes acumulaciones de agua en diversas localidades. Las precipitaciones, que comenzaron durante la jornada, se espera que\u00a0contin\u00faen hasta esta noche. Seg\u00fan los reportes de las estaciones de\u00a0Meteored\u00a0hasta el mediod\u00eda, la zona costera y el sur de la regi\u00f3n son las &hellip;<\/p>\n","protected":false},"author":2,"featured_media":7152,"comment_status":"closed","ping_status":"closed","sticky":false,"template":"","format":"standard","meta":{"footnotes":""},"categories":[2],"tags":[],"class_list":["post-7150","post","type-post","status-publish","format-standard","has-post-thumbnail","hentry","category-regionales"],"_links":{"self":[{"href":"https:\/\/www.elregional.cl\/index.php?rest_route=\/wp\/v2\/posts\/7150","targetHints":{"allow":["GET"]}}],"collection":[{"href":"https:\/\/www.elregional.cl\/index.php?rest_route=\/wp\/v2\/posts"}],"about":[{"href":"https:\/\/www.elregional.cl\/index.php?rest_route=\/wp\/v2\/types\/post"}],"author":[{"embeddable":true,"href":"https:\/\/www.elregional.cl\/index.php?rest_route=\/wp\/v2\/users\/2"}],"replies":[{"embeddable":true,"href":"https:\/\/www.elregional.cl\/index.php?rest_route=%2Fwp%2Fv2%2Fcomments&post=7150"}],"version-history":[{"count":1,"href":"https:\/\/www.elregional.cl\/index.php?rest_route=\/wp\/v2\/posts\/7150\/revisions"}],"predecessor-version":[{"id":7151,"href":"https:\/\/www.elregional.cl\/index.php?rest_route=\/wp\/v2\/posts\/7150\/revisions\/7151"}],"wp:featuredmedia":[{"embeddable":true,"href":"https:\/\/www.elregional.cl\/index.php?rest_route=\/wp\/v2\/media\/7152"}],"wp:attachment":[{"href":"https:\/\/www.elregional.cl\/index.php?rest_route=%2Fwp%2Fv2%2Fmedia&parent=7150"}],"wp:term":[{"taxonomy":"category","embeddable":true,"href":"https:\/\/www.elregional.cl\/index.php?rest_route=%2Fwp%2Fv2%2Fcategories&post=7150"},{"taxonomy":"post_tag","embeddable":true,"href":"https:\/\/www.elregional.cl\/index.php?rest_route=%2Fwp%2Fv2%2Ftags&post=7150"}],"curies":[{"name":"wp","href":"https:\/\/api.w.org\/{rel}","templated":true}]}}