{"id":7310,"date":"2025-06-20T16:06:59","date_gmt":"2025-06-20T16:06:59","guid":{"rendered":"https:\/\/www.elregional.cl\/?p=7310"},"modified":"2025-06-20T16:09:34","modified_gmt":"2025-06-20T16:09:34","slug":"nuevo-accidente-de-transito-cobra-la-vida-de-cuatro-personas-cercano-a-la-higuera","status":"publish","type":"post","link":"https:\/\/www.elregional.cl\/?p=7310","title":{"rendered":"Nuevo accidente de tr\u00e1nsito cobra la vida de cuatro personas cercano a La Higuera"},"content":{"rendered":"<div class=\"td-post-header\">\n<header class=\"td-post-title\">\n<h1 class=\"entry-title\"><\/h1>\n<\/header>\n<\/div>\n<div class=\"td-post-content\">\n<p>El siniestro vial habr\u00eda ocurrido pasada la medianoche de este viernes<\/p>\n<p><span id=\"more-194848\"><\/span>Un nuevo y lamentable accidente de tr\u00e1nsito ocurri\u00f3 en horas de esta madrugada de viernes 20 de junio, en la ruta 5 km 503 a la altura del Puente Juan Soldado, comuna de La Higuera.<\/p>\n<p>Seg\u00fan las autoridades locales, se trat\u00f3 del volcamiento de un veh\u00edculo menor donde se trasladaban seis personas, cuatro de ellas falleciendo en el lugar (dos hombres y dos mujeres). Con respecto a las otras dos v\u00edctimas, fueron trasladadas hasta el Hospital de Coquimbo y\u00a0<a title=\"\" href=\"http:\/\/www.laserenaonline.cl\/\" target=\"_blank\" rel=\"noopener\">La Serena<\/a>\u00a0los que se encuentran en una condici\u00f3n de salud grave.<\/p>\n<p>Serenaonline.cl<\/p>\n<\/div>\n","protected":false},"excerpt":{"rendered":"<p>El siniestro vial habr\u00eda ocurrido pasada la medianoche de este viernes Un nuevo y lamentable accidente de tr\u00e1nsito ocurri\u00f3 en horas de esta madrugada de viernes 20 de junio, en la ruta 5 km 503 a la altura del Puente Juan Soldado, comuna de La Higuera. Seg\u00fan las autoridades locales, se trat\u00f3 del volcamiento de &hellip;<\/p>\n","protected":false},"author":2,"featured_media":7312,"comment_status":"closed","ping_status":"closed","sticky":false,"template":"","format":"standard","meta":{"footnotes":""},"categories":[2],"tags":[],"class_list":["post-7310","post","type-post","status-publish","format-standard","has-post-thumbnail","hentry","category-regionales"],"_links":{"self":[{"href":"https:\/\/www.elregional.cl\/index.php?rest_route=\/wp\/v2\/posts\/7310","targetHints":{"allow":["GET"]}}],"collection":[{"href":"https:\/\/www.elregional.cl\/index.php?rest_route=\/wp\/v2\/posts"}],"about":[{"href":"https:\/\/www.elregional.cl\/index.php?rest_route=\/wp\/v2\/types\/post"}],"author":[{"embeddable":true,"href":"https:\/\/www.elregional.cl\/index.php?rest_route=\/wp\/v2\/users\/2"}],"replies":[{"embeddable":true,"href":"https:\/\/www.elregional.cl\/index.php?rest_route=%2Fwp%2Fv2%2Fcomments&post=7310"}],"version-history":[{"count":1,"href":"https:\/\/www.elregional.cl\/index.php?rest_route=\/wp\/v2\/posts\/7310\/revisions"}],"predecessor-version":[{"id":7311,"href":"https:\/\/www.elregional.cl\/index.php?rest_route=\/wp\/v2\/posts\/7310\/revisions\/7311"}],"wp:featuredmedia":[{"embeddable":true,"href":"https:\/\/www.elregional.cl\/index.php?rest_route=\/wp\/v2\/media\/7312"}],"wp:attachment":[{"href":"https:\/\/www.elregional.cl\/index.php?rest_route=%2Fwp%2Fv2%2Fmedia&parent=7310"}],"wp:term":[{"taxonomy":"category","embeddable":true,"href":"https:\/\/www.elregional.cl\/index.php?rest_route=%2Fwp%2Fv2%2Fcategories&post=7310"},{"taxonomy":"post_tag","embeddable":true,"href":"https:\/\/www.elregional.cl\/index.php?rest_route=%2Fwp%2Fv2%2Ftags&post=7310"}],"curies":[{"name":"wp","href":"https:\/\/api.w.org\/{rel}","templated":true}]}}