{"id":7344,"date":"2025-06-22T10:14:42","date_gmt":"2025-06-22T10:14:42","guid":{"rendered":"https:\/\/www.elregional.cl\/?p=7344"},"modified":"2025-06-22T10:14:42","modified_gmt":"2025-06-22T10:14:42","slug":"hospitales-de-coquimbo-y-la-serena-realizan-primeras-trombectomias-cerebrales-de-urgencia","status":"publish","type":"post","link":"https:\/\/www.elregional.cl\/?p=7344","title":{"rendered":"Hospitales de Coquimbo y La Serena realizan primeras trombectom\u00edas cerebrales de urgencia"},"content":{"rendered":"<div class=\"tdc-header-wrap \">\n<div class=\"td-header-wrap td-header-style-3 \">\n<div class=\"td-banner-wrap-full td-container-wrap \">\n<div class=\"td-container td-header-row td-header-header\">\n<div class=\"td-header-sp-recs\">\n<div class=\"td-header-rec-wrap\">\n<div class=\"td-a-rec td-a-rec-id-header  td-a-rec-no-translate tdi_1 td_block_template_1\"><\/div>\n<\/div>\n<\/div>\n<\/div>\n<\/div>\n<\/div>\n<\/div>\n<div id=\"tdb-autoload-article\" data-autoload=\"on\" data-autoload-org-post-id=\"194877\" data-autoload-tpl-id=\"112489\" data-autoload-type=\"\" data-autoload-count=\"5\" data-autoload-scroll-percent=\"20\">\n<div class=\"td-main-content-wrap td-container-wrap\">\n<div class=\"tdc-content-wrap tdb-autoload-wrap\">\n<article id=\"template-id-112489\" class=\"post-112489 tdb_templates type-tdb_templates status-publish post\" data-post-url=\"https:\/\/laserenaonline.cl\/2025\/06\/21\/hospitales-de-coquimbo-y-la-serena-realizan-primeras-trombectomias-cerebrales-de-urgencia\/\" data-post-edit-url=\"\" data-post-title=\"Hospitales de Coquimbo y La Serena realizan primeras trombectom\u00edas cerebrales de urgencia\">\n<div id=\"tdi_2\" class=\"tdc-zone\">\n<div class=\"tdc_zone tdi_3  wpb_row td-pb-row\">\n<div id=\"tdi_9\" class=\"tdc-row\">\n<div class=\"vc_row tdi_10 td-ss-row wpb_row td-pb-row\">\n<div class=\"vc_column tdi_12  wpb_column vc_column_container tdc-column td-pb-span8\">\n<div class=\"wpb_wrapper\">\n<div class=\"td_block_wrap tdb_single_post_views tdi_18 td-pb-border-top td_block_template_1 tdb-post-meta\" data-td-block-uid=\"tdi_18\">\n<div class=\"tdb-block-inner td-fix-index\"><\/div>\n<\/div>\n<div class=\"td_block_wrap tdb_single_content tdi_22 td-pb-border-top td_block_template_1 td-post-content tagdiv-type\" data-td-block-uid=\"tdi_22\">\n<div class=\"tdb-block-inner td-fix-index\">\n<p><em>Un rayo de esperanza se enciende para pacientes con Accidentes Cerebrovasculares (ACV) en el norte de Chile. Los\u00a0<strong>Hospitales San Pablo de Coquimbo y de La Serena<\/strong>\u00a0han marcado un hito en la salud p\u00fablica regional al realizar las\u00a0<strong>primeras trombectom\u00edas mec\u00e1nicas cerebrales de urgencia<\/strong>, un procedimiento de alta complejidad que salva vidas y minimiza secuelas.<\/em><\/p>\n<p><span id=\"more-194877\"><\/span>El protagonista de este avance fue\u00a0<strong>Abel Jeraldo, de 63 a\u00f1os<\/strong>, cuya rutina dominical se transform\u00f3 en una experiencia pionera. El 14 de junio de 2025, en un mercado de\u00a0<a title=\"\" href=\"http:\/\/www.laserenaonline.cl\/\" target=\"_blank\" rel=\"noopener\">La Serena<\/a>, Abel experiment\u00f3 s\u00edntomas que lo alertaron de un posible ACV. Tras ser derivado desde el CESFAM Pedro Aguirre Cerda al Hospital San Pablo de Coquimbo, se confirm\u00f3 el diagn\u00f3stico.<\/p>\n<h3 class=\"wp-block-heading\"><strong>Veloz Coordinaci\u00f3n para Salvar una Vida<\/strong><\/h3>\n<p>Al no ser candidato para el tratamiento convencional de tromb\u00f3lisis, se activ\u00f3 uno de los primeros protocolos de trombectom\u00eda mec\u00e1nica cerebral de urgencia en la historia de la Regi\u00f3n de Coquimbo y de todo el norte de Chile. En una r\u00e1pida y eficaz coordinaci\u00f3n con el SAMU, Abel fue trasladado al Hospital de La Serena. En menos de dos horas, los equipos m\u00e9dicos lograron extraer el co\u00e1gulo que bloqueaba el flujo sangu\u00edneo hacia su cerebro, evitando da\u00f1os mayores.<\/p>\n<p>Hoy, Abel se recupera favorablemente y comparte su experiencia con gratitud: \u201cEste es mi segundo episodio fuerte\u2026 pero esto me cambia la vida. Y cambia, para las dem\u00e1s personas, porque uno puede tener un testimonio que le diga, \u2018oye, \u00bfsabes qu\u00e9? cu\u00eddate\u2019\u2026 el tema de Dios es s\u00faper importante, porque \u00e9l se puso en las manos de cada uno de los m\u00e9dicos que hicieron esto, porque ellos sab\u00edan lo que hac\u00edan, son tremendamente profesionales y todas las personas que atienden en el \u00e1rea de salud\u201d.<\/p>\n<p><strong>Margarita Contreras<\/strong>, pareja de Abel, expres\u00f3 su inmensa alegr\u00eda: \u201cEstoy feliz de verlo bien, porque yo tuve un compa\u00f1ero de trabajo que le dio lo mismo y hasta el d\u00eda de hoy, a \u00e9l le cuesta hablar, tiene que caminar con bast\u00f3n y todo. Yo sab\u00eda que esto era muy grave, me lo dijo el doctor en Coquimbo, no hab\u00eda buenos pron\u00f3sticos. As\u00ed que despu\u00e9s de verlo as\u00ed, es un milagro, agradezco a los profesionales que actuaron tan bien y a tiempo\u201d.<\/p>\n<h3 class=\"wp-block-heading\"><strong>\u00bfQu\u00e9 es la Trombectom\u00eda Mec\u00e1nica Cerebral? La Clave: El Tiempo<\/strong><\/h3>\n<figure class=\"wp-block-image size-large\"><a class=\"td-modal-image\" href=\"https:\/\/laserenaonline.cl\/wp-content\/uploads\/2025\/06\/TROMBE-3.webp\"><img loading=\"lazy\" decoding=\"async\" class=\"wp-image-194878 td-animation-stack-type0-2\" src=\"https:\/\/laserenaonline.cl\/wp-content\/uploads\/2025\/06\/TROMBE-3-1024x768.webp\" sizes=\"auto, (max-width: 1024px) 100vw, 1024px\" srcset=\"https:\/\/laserenaonline.cl\/wp-content\/uploads\/2025\/06\/TROMBE-3-1024x768.webp 1024w, https:\/\/laserenaonline.cl\/wp-content\/uploads\/2025\/06\/TROMBE-3-300x225.webp 300w, https:\/\/laserenaonline.cl\/wp-content\/uploads\/2025\/06\/TROMBE-3-768x576.webp 768w, https:\/\/laserenaonline.cl\/wp-content\/uploads\/2025\/06\/TROMBE-3-560x420.webp 560w, https:\/\/laserenaonline.cl\/wp-content\/uploads\/2025\/06\/TROMBE-3-80x60.webp 80w, https:\/\/laserenaonline.cl\/wp-content\/uploads\/2025\/06\/TROMBE-3-696x522.webp 696w, https:\/\/laserenaonline.cl\/wp-content\/uploads\/2025\/06\/TROMBE-3-1068x801.webp 1068w, https:\/\/laserenaonline.cl\/wp-content\/uploads\/2025\/06\/TROMBE-3-265x198.webp 265w, https:\/\/laserenaonline.cl\/wp-content\/uploads\/2025\/06\/TROMBE-3.webp 1280w\" alt=\"\" width=\"1024\" height=\"768\" \/><\/a><\/figure>\n<p>La trombectom\u00eda mec\u00e1nica cerebral es un procedimiento crucial para tratar los\u00a0<strong>Accidentes Cerebrovasculares Isqu\u00e9micos<\/strong>, donde un co\u00e1gulo obstruye una arteria cerebral. Los especialistas introducen un cat\u00e9ter delgado por una arteria de la pierna o el brazo y lo gu\u00edan hasta el co\u00e1gulo en el cerebro para extraerlo, restableciendo el flujo sangu\u00edneo.<\/p>\n<p>La eficacia de esta intervenci\u00f3n radica en su\u00a0<strong>pronta ejecuci\u00f3n<\/strong>, idealmente dentro de las primeras 4 a 6 horas desde el inicio de los s\u00edntomas. El\u00a0<strong>Dr. Tom\u00e1s Carmona<\/strong>, m\u00e9dico neurocirujano del Hospital San Pablo de Coquimbo y parte del equipo, enfatiz\u00f3 la importancia de la detecci\u00f3n temprana en el caso de Abel: \u201cLo bueno de don Abel, es que la persona que reconoci\u00f3 los s\u00edntomas, los observ\u00f3 de manera muy precoz. \u00c9l ten\u00eda una oclusi\u00f3n en una arteria que es muy importante\u2026 \u00c9l consult\u00f3, o sea, lo trajeron de una manera muy precoz, lo cual nos permiti\u00f3 actuar sin que hubiera un mayor da\u00f1o en el cerebro\u201d.<\/p>\n<p>Los beneficios de esta intervenci\u00f3n son innegables: salvar vidas, reducir dr\u00e1sticamente las secuelas neurol\u00f3gicas que pueden llevar a discapacidades graves o dependencia total, y optimizar los tiempos de recuperaci\u00f3n y el uso de camas cr\u00edticas. De hecho, ese mismo fin de semana, una mujer de 57 a\u00f1os tambi\u00e9n fue intervenida con \u00e9xito y presenta una evoluci\u00f3n favorable. Casos como estos confirman que la trombectom\u00eda mec\u00e1nica ya est\u00e1 marcando un antes y un despu\u00e9s en la historia de la salud p\u00fablica del norte de Chile.<\/p>\n<\/div>\n<\/div>\n<\/div>\n<\/div>\n<\/div>\n<\/div>\n<\/div>\n<\/div>\n<\/article>\n<\/div>\n<\/div>\n<\/div>\n","protected":false},"excerpt":{"rendered":"<p>Un rayo de esperanza se enciende para pacientes con Accidentes Cerebrovasculares (ACV) en el norte de Chile. Los\u00a0Hospitales San Pablo de Coquimbo y de La Serena\u00a0han marcado un hito en la salud p\u00fablica regional al realizar las\u00a0primeras trombectom\u00edas mec\u00e1nicas cerebrales de urgencia, un procedimiento de alta complejidad que salva vidas y minimiza secuelas. El protagonista &hellip;<\/p>\n","protected":false},"author":2,"featured_media":7345,"comment_status":"closed","ping_status":"closed","sticky":false,"template":"","format":"standard","meta":{"footnotes":""},"categories":[2],"tags":[],"class_list":["post-7344","post","type-post","status-publish","format-standard","has-post-thumbnail","hentry","category-regionales"],"_links":{"self":[{"href":"https:\/\/www.elregional.cl\/index.php?rest_route=\/wp\/v2\/posts\/7344","targetHints":{"allow":["GET"]}}],"collection":[{"href":"https:\/\/www.elregional.cl\/index.php?rest_route=\/wp\/v2\/posts"}],"about":[{"href":"https:\/\/www.elregional.cl\/index.php?rest_route=\/wp\/v2\/types\/post"}],"author":[{"embeddable":true,"href":"https:\/\/www.elregional.cl\/index.php?rest_route=\/wp\/v2\/users\/2"}],"replies":[{"embeddable":true,"href":"https:\/\/www.elregional.cl\/index.php?rest_route=%2Fwp%2Fv2%2Fcomments&post=7344"}],"version-history":[{"count":1,"href":"https:\/\/www.elregional.cl\/index.php?rest_route=\/wp\/v2\/posts\/7344\/revisions"}],"predecessor-version":[{"id":7346,"href":"https:\/\/www.elregional.cl\/index.php?rest_route=\/wp\/v2\/posts\/7344\/revisions\/7346"}],"wp:featuredmedia":[{"embeddable":true,"href":"https:\/\/www.elregional.cl\/index.php?rest_route=\/wp\/v2\/media\/7345"}],"wp:attachment":[{"href":"https:\/\/www.elregional.cl\/index.php?rest_route=%2Fwp%2Fv2%2Fmedia&parent=7344"}],"wp:term":[{"taxonomy":"category","embeddable":true,"href":"https:\/\/www.elregional.cl\/index.php?rest_route=%2Fwp%2Fv2%2Fcategories&post=7344"},{"taxonomy":"post_tag","embeddable":true,"href":"https:\/\/www.elregional.cl\/index.php?rest_route=%2Fwp%2Fv2%2Ftags&post=7344"}],"curies":[{"name":"wp","href":"https:\/\/api.w.org\/{rel}","templated":true}]}}