{"id":7526,"date":"2025-06-27T08:52:23","date_gmt":"2025-06-27T08:52:23","guid":{"rendered":"https:\/\/www.elregional.cl\/?p=7526"},"modified":"2025-06-27T08:52:23","modified_gmt":"2025-06-27T08:52:23","slug":"reino-unido-comprara-a-estados-unidos-12-aviones-f-35a-con-capacidad-nuclear","status":"publish","type":"post","link":"https:\/\/www.elregional.cl\/?p=7526","title":{"rendered":"Reino Unido comprar\u00e1 a Estados Unidos 12 aviones F-35A con capacidad nuclear"},"content":{"rendered":"<header class=\"header__wrapper-outer\">\n<div class=\"header__wrapper-inner\" data-editable=\"header\">\n<nav id=\"pageHeader\" class=\"header cnn-app-display-none\" data-uri=\"es.cms.cnn.com\/_components\/header\/instances\/cnne-mundo-v1@published\" data-editable=\"settings\" data-analytics-aggregate-events=\"true\">\n<div class=\"header__inner\">\n<div class=\"header__subnav-mount\">\n<div class=\"header__container\">\n<div class=\"header__left\">\n<div class=\"brand-logo\" data-uri=\"es.cms.cnn.com\/_components\/brand-logo\/instances\/new-cnne-mundo-header-v1@published\" data-editable=\"settings\"><\/div>\n<\/div>\n<\/div>\n<\/div>\n<\/div>\n<\/nav>\n<\/div>\n<\/header>\n<div class=\"layout__content-wrapper layout-with-rail__content-wrapper\">\n<section class=\"layout__wrapper layout-with-rail__wrapper\" data-sticky-anchor-pos=\"top\" data-sticky-anchor-condition-type=\"pageType,subsection\" data-sticky-anchor-condition-value=\"article,!elections\" data-sticky-anchor-priority=\"1\">\n<section class=\"layout__main-wrapper layout-with-rail__main-wrapper\">\n<section class=\"layout__main layout-with-rail__main\" data-editable=\"main\" data-track-zone=\"main\" data-reorderable=\"main\">\n<article class=\"article\" role=\"main\" data-uri=\"es.cms.cnn.com\/_components\/article\/instances\/cmcb8u3gb002u27p88zz9btsb@published\" data-drag-disable=\"true\" data-unselectable=\"true\" data-show-regwall=\"false\" data-show-paywall=\"false\" data-subscription-only=\"false\">\n<section class=\"body tabcontent active\" data-tabcontent=\"Content\"><main class=\"article__main\"><\/p>\n<div class=\"article__content-container\">\n<div class=\"article__content\" data-editable=\"content\" data-reorderable=\"content\">\n<div class=\"source vossi-source inline-placeholder\" data-uri=\"es.cms.cnn.com\/_components\/source\/instances\/cmcb8u3gb002s27p8fzu3gfoe@published\" data-component-name=\"source\" data-article-gutter=\"true\"><cite class=\"source__cite vossi-source__cite\"><span class=\"source__text\" data-editable=\"source\">CNN<\/span>\u00a0\u2014\u00a0<\/cite><\/div>\n<p class=\"paragraph inline-placeholder vossi-paragraph\" data-uri=\"es.cms.cnn.com\/_components\/paragraph\/instances\/cmcb8u3gb002t27p8c58l1qy9@published\" data-editable=\"text\" data-component-name=\"paragraph\" data-article-gutter=\"true\" data-analytics-observe=\"on\">El Reino Unido comprar\u00e1 12 aviones F-35A, capaces de portar armas nucleares, a Estados Unidos.<\/p>\n<p class=\"paragraph inline-placeholder vossi-paragraph\" data-uri=\"es.cms.cnn.com\/_components\/paragraph\/instances\/cmcb8vkg50005356mywxti1nu@published\" data-editable=\"text\" data-component-name=\"paragraph\" data-article-gutter=\"true\" data-analytics-observe=\"on\">El primer ministro del Reino Unido, Keir Starmer, har\u00e1 el anuncio durante la cumbre de la OTAN del mi\u00e9rcoles, mientras pide a los miembros de la alianza que hagan m\u00e1s para apoyar a la organizaci\u00f3n.<\/p>\n<div class=\"ad-slot-wrapper qtm-element\" data-ad-id=\"ad_rect_btf_06\" data-ad-position=\"mobile\">\n<div><\/div>\n<\/div>\n<p class=\"paragraph inline-placeholder vossi-paragraph\" data-uri=\"es.cms.cnn.com\/_components\/paragraph\/instances\/cmcb8vkg50006356mwmp829eh@published\" data-editable=\"text\" data-component-name=\"paragraph\" data-article-gutter=\"true\" data-analytics-observe=\"on\">\u201cEl compromiso del Reino Unido con la OTAN es incuestionable, al igual que la contribuci\u00f3n de la alianza para mantener seguro al Reino Unido\u201d, dir\u00e1 Starmer, de acuerdo con Downing Street.<\/p>\n<p class=\"paragraph inline-placeholder vossi-paragraph\" data-uri=\"es.cms.cnn.com\/_components\/paragraph\/instances\/cmcb8vkg50007356m0nmxe5ty@published\" data-editable=\"text\" data-component-name=\"paragraph\" data-article-gutter=\"true\" data-analytics-observe=\"on\">\u201cPero todos debemos redoblar esfuerzos para proteger la zona euroatl\u00e1ntica para las generaciones futuras\u201d.<\/p>\n<p class=\"paragraph inline-placeholder vossi-paragraph\" data-uri=\"es.cms.cnn.com\/_components\/paragraph\/instances\/cmcb8vkg50008356m87a8hrn9@published\" data-editable=\"text\" data-component-name=\"paragraph\" data-article-gutter=\"true\" data-analytics-observe=\"on\">El anuncio se produce tras las reiteradas cr\u00edticas del presidente de EE.UU., Donald Trump, de que los pa\u00edses de la OTAN no est\u00e1n gastando lo suficiente en defensa.<\/p>\n<p class=\"paragraph inline-placeholder vossi-paragraph\" data-uri=\"es.cms.cnn.com\/_components\/paragraph\/instances\/cmcb8u5l90000356moh9iqg67@published\" data-editable=\"text\" data-component-name=\"paragraph\" data-article-gutter=\"true\" data-analytics-observe=\"on\">El avi\u00f3n de combate de quinta generaci\u00f3n, fabricado principalmente por la empresa estadounidense Lockheed Martin, es uno de los aviones de combate m\u00e1s avanzados del planeta, pero tambi\u00e9n uno de los m\u00e1s caros.<\/p>\n<p class=\"paragraph inline-placeholder vossi-paragraph\" data-uri=\"es.cms.cnn.com\/_components\/paragraph\/instances\/cmcb8winm000e356m3i6lyk2l@published\" data-editable=\"text\" data-component-name=\"paragraph\" data-article-gutter=\"true\" data-analytics-observe=\"on\">La decisi\u00f3n de adquirir aeronaves con capacidad para portar armas nucleares representa, adem\u00e1s, un importante fortalecimiento de la postura nuclear del Reino Unido.<\/p>\n<\/div>\n<\/div>\n<p><\/main><\/section>\n<\/article>\n<\/section>\n<\/section>\n<\/section>\n<\/div>\n","protected":false},"excerpt":{"rendered":"<p>CNN\u00a0\u2014\u00a0 El Reino Unido comprar\u00e1 12 aviones F-35A, capaces de portar armas nucleares, a Estados Unidos. El primer ministro del Reino Unido, Keir Starmer, har\u00e1 el anuncio durante la cumbre de la OTAN del mi\u00e9rcoles, mientras pide a los miembros de la alianza que hagan m\u00e1s para apoyar a la organizaci\u00f3n. \u201cEl compromiso del Reino &hellip;<\/p>\n","protected":false},"author":2,"featured_media":7527,"comment_status":"closed","ping_status":"closed","sticky":false,"template":"","format":"standard","meta":{"footnotes":""},"categories":[4],"tags":[],"class_list":["post-7526","post","type-post","status-publish","format-standard","has-post-thumbnail","hentry","category-mundo"],"_links":{"self":[{"href":"https:\/\/www.elregional.cl\/index.php?rest_route=\/wp\/v2\/posts\/7526","targetHints":{"allow":["GET"]}}],"collection":[{"href":"https:\/\/www.elregional.cl\/index.php?rest_route=\/wp\/v2\/posts"}],"about":[{"href":"https:\/\/www.elregional.cl\/index.php?rest_route=\/wp\/v2\/types\/post"}],"author":[{"embeddable":true,"href":"https:\/\/www.elregional.cl\/index.php?rest_route=\/wp\/v2\/users\/2"}],"replies":[{"embeddable":true,"href":"https:\/\/www.elregional.cl\/index.php?rest_route=%2Fwp%2Fv2%2Fcomments&post=7526"}],"version-history":[{"count":1,"href":"https:\/\/www.elregional.cl\/index.php?rest_route=\/wp\/v2\/posts\/7526\/revisions"}],"predecessor-version":[{"id":7528,"href":"https:\/\/www.elregional.cl\/index.php?rest_route=\/wp\/v2\/posts\/7526\/revisions\/7528"}],"wp:featuredmedia":[{"embeddable":true,"href":"https:\/\/www.elregional.cl\/index.php?rest_route=\/wp\/v2\/media\/7527"}],"wp:attachment":[{"href":"https:\/\/www.elregional.cl\/index.php?rest_route=%2Fwp%2Fv2%2Fmedia&parent=7526"}],"wp:term":[{"taxonomy":"category","embeddable":true,"href":"https:\/\/www.elregional.cl\/index.php?rest_route=%2Fwp%2Fv2%2Fcategories&post=7526"},{"taxonomy":"post_tag","embeddable":true,"href":"https:\/\/www.elregional.cl\/index.php?rest_route=%2Fwp%2Fv2%2Ftags&post=7526"}],"curies":[{"name":"wp","href":"https:\/\/api.w.org\/{rel}","templated":true}]}}