{"id":7555,"date":"2025-06-27T14:12:58","date_gmt":"2025-06-27T14:12:58","guid":{"rendered":"https:\/\/www.elregional.cl\/?p=7555"},"modified":"2025-06-27T14:12:58","modified_gmt":"2025-06-27T14:12:58","slug":"violenta-banda-de-menores-de-edad-desvalijan-a-destajo-el-centro-de-coquimbo","status":"publish","type":"post","link":"https:\/\/www.elregional.cl\/?p=7555","title":{"rendered":"Violenta banda de menores de edad desvalijan a destajo el centro de Coquimbo"},"content":{"rendered":"<p>Una semana de terror han vivido los locatarios del centro de Coquimbo. La causa es el accionar de una banda de delincuentes menores de edad que est\u00e1 actuando a sus anchas en tiendas porte\u00f1as.<\/p>\n<p>Se ha identificado a un grupo de seis o siete menores de edad entre hombres y mujeres, de 10 a 16 a\u00f1os aproximadamente, que realizaron un turbazo a la tienda Family Shop ubicada en Aldunate esquina Portales en donde destruyeron la puerta de entrada, ingresaron y robaron ropa y especies. Este delito fue denunciado a Carabineros, pero lamentablemente en donde estos inadaptados son ininputables por su minor\u00eda de edad, fueron dejados en libertad.<\/p>\n<p>El d\u00eda de ayer estos antisociales volvieron a delinquir e ingresaron a la tienda de telefon\u00eda m\u00f3vil Wom ubicada en calle Aldunate desde donde sustrajeron tel\u00e9fonos celulares avaluados en 3 millones de pesos, para luego darse a la fuga sin ning\u00fan reparo ni temor.<\/p>\n<p>\u00bf Hasta cu\u00e1ndo?<\/p>\n","protected":false},"excerpt":{"rendered":"<p>Una semana de terror han vivido los locatarios del centro de Coquimbo. La causa es el accionar de una banda de delincuentes menores de edad que est\u00e1 actuando a sus anchas en tiendas porte\u00f1as. Se ha identificado a un grupo de seis o siete menores de edad entre hombres y mujeres, de 10 a 16 &hellip;<\/p>\n","protected":false},"author":2,"featured_media":7556,"comment_status":"closed","ping_status":"closed","sticky":false,"template":"","format":"standard","meta":{"footnotes":""},"categories":[2],"tags":[],"class_list":["post-7555","post","type-post","status-publish","format-standard","has-post-thumbnail","hentry","category-regionales"],"_links":{"self":[{"href":"https:\/\/www.elregional.cl\/index.php?rest_route=\/wp\/v2\/posts\/7555","targetHints":{"allow":["GET"]}}],"collection":[{"href":"https:\/\/www.elregional.cl\/index.php?rest_route=\/wp\/v2\/posts"}],"about":[{"href":"https:\/\/www.elregional.cl\/index.php?rest_route=\/wp\/v2\/types\/post"}],"author":[{"embeddable":true,"href":"https:\/\/www.elregional.cl\/index.php?rest_route=\/wp\/v2\/users\/2"}],"replies":[{"embeddable":true,"href":"https:\/\/www.elregional.cl\/index.php?rest_route=%2Fwp%2Fv2%2Fcomments&post=7555"}],"version-history":[{"count":1,"href":"https:\/\/www.elregional.cl\/index.php?rest_route=\/wp\/v2\/posts\/7555\/revisions"}],"predecessor-version":[{"id":7557,"href":"https:\/\/www.elregional.cl\/index.php?rest_route=\/wp\/v2\/posts\/7555\/revisions\/7557"}],"wp:featuredmedia":[{"embeddable":true,"href":"https:\/\/www.elregional.cl\/index.php?rest_route=\/wp\/v2\/media\/7556"}],"wp:attachment":[{"href":"https:\/\/www.elregional.cl\/index.php?rest_route=%2Fwp%2Fv2%2Fmedia&parent=7555"}],"wp:term":[{"taxonomy":"category","embeddable":true,"href":"https:\/\/www.elregional.cl\/index.php?rest_route=%2Fwp%2Fv2%2Fcategories&post=7555"},{"taxonomy":"post_tag","embeddable":true,"href":"https:\/\/www.elregional.cl\/index.php?rest_route=%2Fwp%2Fv2%2Ftags&post=7555"}],"curies":[{"name":"wp","href":"https:\/\/api.w.org\/{rel}","templated":true}]}}