{"id":7571,"date":"2025-06-29T13:13:25","date_gmt":"2025-06-29T13:13:25","guid":{"rendered":"https:\/\/www.elregional.cl\/?p=7571"},"modified":"2025-06-29T13:18:01","modified_gmt":"2025-06-29T13:18:01","slug":"todo-punta-arenas-se-lanzo-al-estrecho-de-magallanes-en-el-tradicional-chapuzon-2025","status":"publish","type":"post","link":"https:\/\/www.elregional.cl\/?p=7571","title":{"rendered":"Todo Punta Arenas se lanz\u00f3 al Estrecho de Magallanes en el tradicional \u00abChapuz\u00f3n 2025\u00bb"},"content":{"rendered":"<p>M\u00e1s de 7.000 personas participaron este s\u00e1bado del tradicional \u00abChapuz\u00f3n en el Estrecho de Magallanes\u00bb, donde los entusiastas se lanzaron a sus fr\u00edas aguas en el marco de las actividades de las Invernadas, organizadas por la Municipalidad de Punta Arenas.<\/p>\n<p>\u00abImpresionado por la gran cantidad de turistas que llegaron. Lo que estamos buscando es que esto sea una buena excusa para que vengan a Punta Arenas a disfrutar de un invierno distinto, un invierno bajo cero, en una ciudad maravillosa\u00bb, valor\u00f3 el alcalde Claudio Ranodich.<\/p>\n<p>\u00abEsperamos seguir en esta senda, con actividades que nos vinculen con lo que somos: una ciudad invernal, donde el fr\u00edo es un valor agregado, tir\u00e1ndonos a un agua que est\u00e1 bastante helada, con una temperatura ambiente de -4 grados aproximadamente. Esto es solamente para valientes\u00bb, complement\u00f3 el jefe comunal de Punta Arenas.<\/p>\n","protected":false},"excerpt":{"rendered":"<p>M\u00e1s de 7.000 personas participaron este s\u00e1bado del tradicional \u00abChapuz\u00f3n en el Estrecho de Magallanes\u00bb, donde los entusiastas se lanzaron a sus fr\u00edas aguas en el marco de las actividades de las Invernadas, organizadas por la Municipalidad de Punta Arenas. \u00abImpresionado por la gran cantidad de turistas que llegaron. Lo que estamos buscando es que &hellip;<\/p>\n","protected":false},"author":2,"featured_media":7573,"comment_status":"closed","ping_status":"closed","sticky":false,"template":"","format":"standard","meta":{"footnotes":""},"categories":[3],"tags":[],"class_list":["post-7571","post","type-post","status-publish","format-standard","has-post-thumbnail","hentry","category-pais"],"_links":{"self":[{"href":"https:\/\/www.elregional.cl\/index.php?rest_route=\/wp\/v2\/posts\/7571","targetHints":{"allow":["GET"]}}],"collection":[{"href":"https:\/\/www.elregional.cl\/index.php?rest_route=\/wp\/v2\/posts"}],"about":[{"href":"https:\/\/www.elregional.cl\/index.php?rest_route=\/wp\/v2\/types\/post"}],"author":[{"embeddable":true,"href":"https:\/\/www.elregional.cl\/index.php?rest_route=\/wp\/v2\/users\/2"}],"replies":[{"embeddable":true,"href":"https:\/\/www.elregional.cl\/index.php?rest_route=%2Fwp%2Fv2%2Fcomments&post=7571"}],"version-history":[{"count":1,"href":"https:\/\/www.elregional.cl\/index.php?rest_route=\/wp\/v2\/posts\/7571\/revisions"}],"predecessor-version":[{"id":7572,"href":"https:\/\/www.elregional.cl\/index.php?rest_route=\/wp\/v2\/posts\/7571\/revisions\/7572"}],"wp:featuredmedia":[{"embeddable":true,"href":"https:\/\/www.elregional.cl\/index.php?rest_route=\/wp\/v2\/media\/7573"}],"wp:attachment":[{"href":"https:\/\/www.elregional.cl\/index.php?rest_route=%2Fwp%2Fv2%2Fmedia&parent=7571"}],"wp:term":[{"taxonomy":"category","embeddable":true,"href":"https:\/\/www.elregional.cl\/index.php?rest_route=%2Fwp%2Fv2%2Fcategories&post=7571"},{"taxonomy":"post_tag","embeddable":true,"href":"https:\/\/www.elregional.cl\/index.php?rest_route=%2Fwp%2Fv2%2Ftags&post=7571"}],"curies":[{"name":"wp","href":"https:\/\/api.w.org\/{rel}","templated":true}]}}