{"id":7615,"date":"2025-07-03T00:47:09","date_gmt":"2025-07-03T00:47:09","guid":{"rendered":"https:\/\/www.elregional.cl\/?p=7615"},"modified":"2025-07-03T00:47:09","modified_gmt":"2025-07-03T00:47:09","slug":"el-pirata-goleo-a-domicilio-a-la-calera-y-se-ubica-entre-los-ocho-mejores-de-copa-chile","status":"publish","type":"post","link":"https:\/\/www.elregional.cl\/?p=7615","title":{"rendered":"El Pirata gole\u00f3 a domicilio a la Calera y se ubica entre los ocho mejores de Copa Chile"},"content":{"rendered":"<header class=\"page-header\">\n<div class=\"encanchacl__StyledMasthead-sc-16hvz6g-0 bHssgY cl-masthead\">\n<div class=\"encanchacl__StyledOverlay-sc-16hvz6g-4 eMloro cl-overlay\">\n<div class=\"encanchacl__StyledModal-sc-16hvz6g-5 hqazdI cl-modal\">\n<nav class=\"encanchacl__StyledNav-sc-16hvz6g-6 ldOuaN\">&nbsp;<\/p>\n<\/nav>\n<\/div>\n<\/div>\n<\/div>\n<\/header>\n<section id=\"main\" class=\"main articulo-encancha\" role=\"main\">\n<div class=\"container layout-section\" data-bloque=\"3\">\n<div class=\"row\">\n<div class=\"col-sm-md-12 col-lg-xl-8 left-article-section ie-flex-100-percent-sm layout-section\">\n<article class=\"encanchacl__StyledArticle-sc-13fvytn-0 vdPvI cl-article-body\">\n<p class=\"c-paragraph\">Es el equipo sensaci\u00f3n del f\u00fatbol chileno y hoy lo volvi\u00f3 a ratificar. En el marco de la\u00a0<a title=\"https:\/\/www.encancha.cl\/futbol-chileno\/copa-chile\/\" href=\"https:\/\/www.encancha.cl\/futbol-chileno\/copa-chile\/\" target=\"_blank\" rel=\"noopener noreferrer\"><b>Copa Chile<\/b><\/a>,\u00a0<a title=\"https:\/\/www.encancha.cl\/temas\/coquimbo-unido\/\" href=\"https:\/\/www.encancha.cl\/temas\/coquimbo-unido\/\" target=\"_blank\" rel=\"noopener noreferrer\"><b>Coquimbo Unido<\/b><\/a>\u00a0no tuvo piedad con\u00a0<b>Uni\u00f3n La Calera,<\/b>\u00a0escuadra a la que aplast\u00f3 por 4-1 (6-2 en el global), resultado que le permiti\u00f3 instalarse en los cuartos de final del certamen.<\/p>\n<p class=\"c-paragraph\">El equipo aurinegro, l\u00edder en el\u00a0<b>Campeonato Nacional<\/b>, hab\u00eda ganado 2-1 en la ida y supo aprovechar la ventaja en el\u00a0<b>Nicol\u00e1s Chahu\u00e1n.<\/b> Pese a que los locales abrieron la cuenta con tanto de Sebasti\u00e1n S\u00e1ez (7\u2019), Francisco Salinas igual\u00f3 r\u00e1pidamente (11\u2019), y luego Sebasti\u00e1n Galani (34\u2019) y Nicol\u00e1s Johansen (37\u2019) completaron la tarea en el primer tiempo.<\/p>\n<p>En la segunda etapa en el minuto 90&#8242; + 4 Palavecino con un golazo sell\u00f3 el definitivo 4-1<\/p>\n<\/article>\n<\/div>\n<\/div>\n<\/div>\n<\/section>\n","protected":false},"excerpt":{"rendered":"<p>&nbsp; Es el equipo sensaci\u00f3n del f\u00fatbol chileno y hoy lo volvi\u00f3 a ratificar. En el marco de la\u00a0Copa Chile,\u00a0Coquimbo Unido\u00a0no tuvo piedad con\u00a0Uni\u00f3n La Calera,\u00a0escuadra a la que aplast\u00f3 por 4-1 (6-2 en el global), resultado que le permiti\u00f3 instalarse en los cuartos de final del certamen. El equipo aurinegro, l\u00edder en el\u00a0Campeonato Nacional, &hellip;<\/p>\n","protected":false},"author":2,"featured_media":7616,"comment_status":"closed","ping_status":"closed","sticky":false,"template":"","format":"standard","meta":{"footnotes":""},"categories":[5],"tags":[],"class_list":["post-7615","post","type-post","status-publish","format-standard","has-post-thumbnail","hentry","category-deportes"],"_links":{"self":[{"href":"https:\/\/www.elregional.cl\/index.php?rest_route=\/wp\/v2\/posts\/7615","targetHints":{"allow":["GET"]}}],"collection":[{"href":"https:\/\/www.elregional.cl\/index.php?rest_route=\/wp\/v2\/posts"}],"about":[{"href":"https:\/\/www.elregional.cl\/index.php?rest_route=\/wp\/v2\/types\/post"}],"author":[{"embeddable":true,"href":"https:\/\/www.elregional.cl\/index.php?rest_route=\/wp\/v2\/users\/2"}],"replies":[{"embeddable":true,"href":"https:\/\/www.elregional.cl\/index.php?rest_route=%2Fwp%2Fv2%2Fcomments&post=7615"}],"version-history":[{"count":1,"href":"https:\/\/www.elregional.cl\/index.php?rest_route=\/wp\/v2\/posts\/7615\/revisions"}],"predecessor-version":[{"id":7617,"href":"https:\/\/www.elregional.cl\/index.php?rest_route=\/wp\/v2\/posts\/7615\/revisions\/7617"}],"wp:featuredmedia":[{"embeddable":true,"href":"https:\/\/www.elregional.cl\/index.php?rest_route=\/wp\/v2\/media\/7616"}],"wp:attachment":[{"href":"https:\/\/www.elregional.cl\/index.php?rest_route=%2Fwp%2Fv2%2Fmedia&parent=7615"}],"wp:term":[{"taxonomy":"category","embeddable":true,"href":"https:\/\/www.elregional.cl\/index.php?rest_route=%2Fwp%2Fv2%2Fcategories&post=7615"},{"taxonomy":"post_tag","embeddable":true,"href":"https:\/\/www.elregional.cl\/index.php?rest_route=%2Fwp%2Fv2%2Ftags&post=7615"}],"curies":[{"name":"wp","href":"https:\/\/api.w.org\/{rel}","templated":true}]}}