{"id":7642,"date":"2025-07-03T05:32:18","date_gmt":"2025-07-03T05:32:18","guid":{"rendered":"https:\/\/www.elregional.cl\/?p=7642"},"modified":"2025-07-03T05:32:18","modified_gmt":"2025-07-03T05:32:18","slug":"rusia-logra-un-imposible-al-pelearse-al-mismo-tiempo-con-armenia-y-azerbaiyan","status":"publish","type":"post","link":"https:\/\/www.elregional.cl\/?p=7642","title":{"rendered":"\u00a0Rusia Logra un imposible al pelearse al mismo tiempo con Armenia y Azerbaiy\u00e1n"},"content":{"rendered":"<div class=\"div_titulo\">\n<h1 id=\"ucDetalle_TituloNoticia\"><\/h1>\n<\/div>\n<div class=\"div_h2\">\n<h5 id=\"ucDetalle_BajadaNoticia\">Emol.cl<\/h5>\n<h5>En el \u00faltimo tiempo, ambos pa\u00edses representan sin quererlo un frente contra la pol\u00edtica del Kremlin de soberan\u00eda limitada en ese territorio.<\/h5>\n<\/div>\n<div class=\"contenedor_social_emol\"><\/div>\n<div id=\"ucDetalle_CuerpoNoticia\" class=\"cuerpo_noticia cuerpo_noti_height_full\">\n<div>La<b>\u00a0pol\u00edtica exterior rusa,<\/b>\u00a0empe\u00f1ada en buscarse enemigos en su extranjero cercano durante los \u00faltimos tres a\u00f1os y medio de guerra en Ucrania, ha logrado un nuevo imposible,<b>\u00a0pelearse al mismo tiempo con armenios y azerbaiyanos<\/b>.<\/div>\n<div><\/div>\n<div>Tradicionalmente, la pol\u00edtica exterior rusa se centraba en enfrentar a los armenios con los azerbaiyanos, mientras Mosc\u00fa ejerc\u00eda el papel de gendarme.<\/div>\n<div>\n<div id=\"contRelacionadas_1170316-1170720\">\n<div class=\"flo_left cont_items_detalle_50\">\n<div class=\"flo_left bor_cont_img_mas_vistas cont_sec_emol sec_mas_vistas_emol\">\n<div class=\"flo_left cont_descrip_noticia\">\n<article id=\"contNotRel_1170316\" class=\"flo_left cont_nota_relacionada\">\n<div class=\"flo_left content_img_noticia\"><\/div>\n<\/article>\n<\/div>\n<\/div>\n<\/div>\n<\/div>\n<p>La resoluci\u00f3n del conflicto en\u00a0<b>Nagorno Karabaj<\/b>\u00a0-territorio bajo control de Azerbaiy\u00e1n desde 2023- ha dejado al Kremlin sin palanca de influencia sobre ambos pa\u00edses, que buscan aliados en\u00a0<b>Turqu\u00eda, Ir\u00e1n y la Uni\u00f3n Europea (UE)<\/b>.<\/div>\n<div><\/div>\n<div><b>Lo que parec\u00eda impensable ha ocurrido<\/b>. Armenios y azerbaiyanos representan sin quererlo un frente contra la pol\u00edtica rusa de soberan\u00eda limitada en su patio trasero.<\/div>\n<div><\/div>\n<div>\n<h2>Azerbaiy\u00e1n, incipiente potencia regional<\/h2>\n<\/div>\n<div><\/div>\n<div><b>Azerbaiy\u00e1n<\/b>, un pa\u00eds con crecientes ambiciones regionales, ha mantenido una pol\u00edtica exterior independiente que incluye relaciones de aliado con Turqu\u00eda, pragmatismo con la UE y\u00a0<b>una sorprendente amistad con Israel<\/b>, dados los lazos de Armenia con Ir\u00e1n.<\/div>\n<div><\/div>\n<div>El l\u00edder del pa\u00eds cauc\u00e1sico,\u00a0<b>Ilham Aliyev<\/b>, siempre ha mantenido una buena relaci\u00f3n con el Kremlin -sin enemistarse en ning\u00fan momento con Ucrania-, pero dichos v\u00ednculos se torcieron en los \u00faltimos meses.<\/div>\n<div><\/div>\n<div>\n<div id=\"contRelacionadas_1152431-1152620\">\n<div class=\"flo_left cont_items_detalle_50\">\n<div class=\"flo_left bor_cont_img_mas_vistas cont_sec_emol sec_mas_vistas_emol\">\n<div class=\"flo_left cont_descrip_noticia\">\n<article id=\"contNotRel_1152431\" class=\"flo_left cont_nota_relacionada\">\n<div class=\"cont_contador_comentarios flo_left cont_icon_social f_comentario\" data-id=\"1152431\"><\/div>\n<\/article>\n<\/div>\n<\/div>\n<\/div>\n<\/div>\n<p><b>El derribo por error de un avi\u00f3n de pasajeros de Azerbaijan Airlines<\/b>\u00a0a manos de las defensas antia\u00e9reas rusas en diciembre de 2024 indign\u00f3 profundamente a Aliyev, que pidi\u00f3 explicaciones al presidente ruso, Vladimir Putin.<\/div>\n<div><\/div>\n<div>Lo peor no fue s\u00f3lo la muerte de 38 pasajeros, sino el hecho de que\u00a0<b>el jefe del Kremlin nunca atendiera las demandas de justicia<\/b>, ya que fueron los chechenos los que abatieron el aparato. Por ese motivo, Aliyev no acudi\u00f3 el pasado 9 de mayo a Mosc\u00fa para el desfile por el 80\u00b0 aniversario de la victoria sobre la Alemania nazi.<\/div>\n<div><\/div>\n<div>Esta semana Bak\u00fa no esper\u00f3 m\u00e1s y se tom\u00f3 la justicia por su mano. El motivo fue\u00a0<b>la muerte de dos azerbaiyanos en custodia policial\u00a0<\/b>durante una operaci\u00f3n especial contra grupos criminales en la capital de los Urales.<\/div>\n<div><\/div>\n<\/div>\n","protected":false},"excerpt":{"rendered":"<p>Emol.cl En el \u00faltimo tiempo, ambos pa\u00edses representan sin quererlo un frente contra la pol\u00edtica del Kremlin de soberan\u00eda limitada en ese territorio. La\u00a0pol\u00edtica exterior rusa,\u00a0empe\u00f1ada en buscarse enemigos en su extranjero cercano durante los \u00faltimos tres a\u00f1os y medio de guerra en Ucrania, ha logrado un nuevo imposible,\u00a0pelearse al mismo tiempo con armenios y &hellip;<\/p>\n","protected":false},"author":2,"featured_media":7643,"comment_status":"closed","ping_status":"closed","sticky":false,"template":"","format":"standard","meta":{"footnotes":""},"categories":[4],"tags":[],"class_list":["post-7642","post","type-post","status-publish","format-standard","has-post-thumbnail","hentry","category-mundo"],"_links":{"self":[{"href":"https:\/\/www.elregional.cl\/index.php?rest_route=\/wp\/v2\/posts\/7642","targetHints":{"allow":["GET"]}}],"collection":[{"href":"https:\/\/www.elregional.cl\/index.php?rest_route=\/wp\/v2\/posts"}],"about":[{"href":"https:\/\/www.elregional.cl\/index.php?rest_route=\/wp\/v2\/types\/post"}],"author":[{"embeddable":true,"href":"https:\/\/www.elregional.cl\/index.php?rest_route=\/wp\/v2\/users\/2"}],"replies":[{"embeddable":true,"href":"https:\/\/www.elregional.cl\/index.php?rest_route=%2Fwp%2Fv2%2Fcomments&post=7642"}],"version-history":[{"count":1,"href":"https:\/\/www.elregional.cl\/index.php?rest_route=\/wp\/v2\/posts\/7642\/revisions"}],"predecessor-version":[{"id":7644,"href":"https:\/\/www.elregional.cl\/index.php?rest_route=\/wp\/v2\/posts\/7642\/revisions\/7644"}],"wp:featuredmedia":[{"embeddable":true,"href":"https:\/\/www.elregional.cl\/index.php?rest_route=\/wp\/v2\/media\/7643"}],"wp:attachment":[{"href":"https:\/\/www.elregional.cl\/index.php?rest_route=%2Fwp%2Fv2%2Fmedia&parent=7642"}],"wp:term":[{"taxonomy":"category","embeddable":true,"href":"https:\/\/www.elregional.cl\/index.php?rest_route=%2Fwp%2Fv2%2Fcategories&post=7642"},{"taxonomy":"post_tag","embeddable":true,"href":"https:\/\/www.elregional.cl\/index.php?rest_route=%2Fwp%2Fv2%2Ftags&post=7642"}],"curies":[{"name":"wp","href":"https:\/\/api.w.org\/{rel}","templated":true}]}}