{"id":7702,"date":"2025-07-04T18:25:11","date_gmt":"2025-07-04T18:25:11","guid":{"rendered":"https:\/\/www.elregional.cl\/?p=7702"},"modified":"2025-07-04T18:27:10","modified_gmt":"2025-07-04T18:27:10","slug":"inauguran-portico-seguro-y-tres-nuevas-camaras-de-televigilancia-en-sector-las-companias-en-comuna-de-la-serena","status":"publish","type":"post","link":"https:\/\/www.elregional.cl\/?p=7702","title":{"rendered":"Inauguran p\u00f3rtico seguro y tres nuevas c\u00e1maras de televigilancia en sector\u00a0 Las Compa\u00f1\u00edas en comuna de La Serena"},"content":{"rendered":"<div class=\"td-post-header\">\n<header class=\"td-post-title\">\n<h1 class=\"entry-title\"><\/h1>\n<\/header>\n<\/div>\n<div class=\"td-post-content\">\n<p>\u2022 Iniciativa forma parte del programa\u00a0<em>Somos Barrio<\/em>\u00a0, impulsada por el municipio de La Serena y financiada por la Subsecretar\u00eda de Prevenci\u00f3n del Delito.<\/p>\n<p><span id=\"more-195436\"><\/span>En el marco del programa\u00a0<em>Somos Barrio<\/em>\u00a0, el municipio de\u00a0<a title=\"\" href=\"http:\/\/www.laserena.cl\/\" target=\"_blank\" rel=\"noopener\">La Serena<\/a>\u00a0inaugur\u00f3 un nuevo p\u00f3rtico seguro con lector de patentes y altavoz, junto a la instalaci\u00f3n de tres modernas c\u00e1maras de televigilancia en el sector Barrio El Romeral de Las Compa\u00f1\u00edas, como parte de una intervenci\u00f3n iniciada hace cinco a\u00f1os para reforzar la seguridad en la zona.<\/p>\n<p>Esta nueva infraestructura se suma a otras dos c\u00e1maras ya operativas, y en total representa una inversi\u00f3n superior a los $115 millones, financiada por la Subsecretar\u00eda de Prevenci\u00f3n del Delito. El sistema de vigilancia funcionar\u00e1 24 horas al d\u00eda, 7 d\u00edas a la semana, conectado tanto a la sala espejo del municipio como a la central de monitoreo de Carabineros, permitiendo una respuesta m\u00e1s oportuna ante emergencias.<\/p>\n<p>Las nuevas c\u00e1maras fueron instaladas en puntos estrat\u00e9gicos: calle Aurora con avenida Vi\u00f1a del Mar, calle Bolivia con Aconcagua, y avenida Isidoro Campa\u00f1a con avenida Circunvalaci\u00f3n Monjita Poniente. Se estima que esta intervenci\u00f3n beneficia indirectamente a m\u00e1s de 150 mil habitantes del sector.<\/p>\n<p><em>\u201cNos va a permitir saber por d\u00f3nde o la hora en que pasaron, para monitorear el delito que es frecuente y que vamos a disminuir a trav\u00e9s de esta tecnolog\u00eda. Actualmente, Las Compa\u00f1\u00edas es uno de los lugares m\u00e1s importantes porque tiene la mitad de habitantes de la comuna de La Serena y por eso, estamos ac\u00e1 presentes. La autoridad est\u00e1 presente, la alcaldesa est\u00e1 presente, adem\u00e1s tambi\u00e9n hemos anunciado que vamos a invertir en una renovaci\u00f3n de una plaza que van a elegir los vecinos para ir recuperando estos espacios\u201d,<\/em>\u00a0asegur\u00f3 la alcaldesa de La Serena,\u00a0<strong>Daniela Norambuena<\/strong>\u00a0.<\/p>\n<\/div>\n","protected":false},"excerpt":{"rendered":"<p>\u2022 Iniciativa forma parte del programa\u00a0Somos Barrio\u00a0, impulsada por el municipio de La Serena y financiada por la Subsecretar\u00eda de Prevenci\u00f3n del Delito. En el marco del programa\u00a0Somos Barrio\u00a0, el municipio de\u00a0La Serena\u00a0inaugur\u00f3 un nuevo p\u00f3rtico seguro con lector de patentes y altavoz, junto a la instalaci\u00f3n de tres modernas c\u00e1maras de televigilancia en el &hellip;<\/p>\n","protected":false},"author":2,"featured_media":7704,"comment_status":"closed","ping_status":"closed","sticky":false,"template":"","format":"standard","meta":{"footnotes":""},"categories":[2],"tags":[],"class_list":["post-7702","post","type-post","status-publish","format-standard","has-post-thumbnail","hentry","category-regionales"],"_links":{"self":[{"href":"https:\/\/www.elregional.cl\/index.php?rest_route=\/wp\/v2\/posts\/7702","targetHints":{"allow":["GET"]}}],"collection":[{"href":"https:\/\/www.elregional.cl\/index.php?rest_route=\/wp\/v2\/posts"}],"about":[{"href":"https:\/\/www.elregional.cl\/index.php?rest_route=\/wp\/v2\/types\/post"}],"author":[{"embeddable":true,"href":"https:\/\/www.elregional.cl\/index.php?rest_route=\/wp\/v2\/users\/2"}],"replies":[{"embeddable":true,"href":"https:\/\/www.elregional.cl\/index.php?rest_route=%2Fwp%2Fv2%2Fcomments&post=7702"}],"version-history":[{"count":1,"href":"https:\/\/www.elregional.cl\/index.php?rest_route=\/wp\/v2\/posts\/7702\/revisions"}],"predecessor-version":[{"id":7703,"href":"https:\/\/www.elregional.cl\/index.php?rest_route=\/wp\/v2\/posts\/7702\/revisions\/7703"}],"wp:featuredmedia":[{"embeddable":true,"href":"https:\/\/www.elregional.cl\/index.php?rest_route=\/wp\/v2\/media\/7704"}],"wp:attachment":[{"href":"https:\/\/www.elregional.cl\/index.php?rest_route=%2Fwp%2Fv2%2Fmedia&parent=7702"}],"wp:term":[{"taxonomy":"category","embeddable":true,"href":"https:\/\/www.elregional.cl\/index.php?rest_route=%2Fwp%2Fv2%2Fcategories&post=7702"},{"taxonomy":"post_tag","embeddable":true,"href":"https:\/\/www.elregional.cl\/index.php?rest_route=%2Fwp%2Fv2%2Ftags&post=7702"}],"curies":[{"name":"wp","href":"https:\/\/api.w.org\/{rel}","templated":true}]}}