{"id":7843,"date":"2025-07-10T10:51:16","date_gmt":"2025-07-10T10:51:16","guid":{"rendered":"https:\/\/www.elregional.cl\/?p=7843"},"modified":"2025-07-10T10:51:16","modified_gmt":"2025-07-10T10:51:16","slug":"municipalidad-de-la-serena-reiumpulsa-campana-beso-y-chao","status":"publish","type":"post","link":"https:\/\/www.elregional.cl\/?p=7843","title":{"rendered":"Municipalidad de La Serena reiumpulsa campa\u00f1a \u00bb Beso y Chao\u00bb"},"content":{"rendered":"<p>El\u00a0 Municipio de La Serena\u00a0 reimpulsa una iniciativa aplicada a comienzos de marzo, con el arranque del a\u00f1o escolar: la campa\u00f1a \u00abBeso y Chao\u00bb, una estrategia dise\u00f1ada para aliviar la congesti\u00f3n vehicular en sectores escolares durante las horas punta, especialmente en las ma\u00f1anas, beneficiando a 13 establecimientos educacionales del centro de la ciudad.<\/p>\n<p>Esta acci\u00f3n vuelve a ponerse en marcha para el segundo semestre, focaliz\u00e1ndose en el \u00e1rea comprendida entre las calles Vicente Zorrilla, Juan de Dios Pen\u00ed, Justo Donoso y Vicu\u00f1a, donde se implementar\u00e1n nuevas restricciones de tr\u00e1nsito y estacionamiento, tales como:<\/p>\n<p>Prohibici\u00f3n de estacionar en Las Casas, Vicu\u00f1a, Lautaro y Gangarillas entre las 07:00 y 09:00 horas, de lunes a viernes.<\/p>\n<p>Modificaci\u00f3n de la prioridad vial en intersecciones claves como Manuel Rodr\u00edguez con Cantournet.<\/p>\n<p>La campa\u00f1a forma parte del trabajo colaborativo de la Mesa de Movilidad, integrada por Carabineros, las seremis de Educaci\u00f3n y Transportes, y las municipalidades de La Serena y Coquimbo, con el objetivo de enfrentar la alta congesti\u00f3n vehicular que marcar\u00e1 este segundo semestre escolar.<\/p>\n<p>Nota \u270d\ufe0f: Gaspar Alfaro<\/p>\n<p>&nbsp;<\/p>\n","protected":false},"excerpt":{"rendered":"<p>El\u00a0 Municipio de La Serena\u00a0 reimpulsa una iniciativa aplicada a comienzos de marzo, con el arranque del a\u00f1o escolar: la campa\u00f1a \u00abBeso y Chao\u00bb, una estrategia dise\u00f1ada para aliviar la congesti\u00f3n vehicular en sectores escolares durante las horas punta, especialmente en las ma\u00f1anas, beneficiando a 13 establecimientos educacionales del centro de la ciudad. Esta acci\u00f3n &hellip;<\/p>\n","protected":false},"author":2,"featured_media":7844,"comment_status":"closed","ping_status":"closed","sticky":false,"template":"","format":"standard","meta":{"footnotes":""},"categories":[2],"tags":[],"class_list":["post-7843","post","type-post","status-publish","format-standard","has-post-thumbnail","hentry","category-regionales"],"_links":{"self":[{"href":"https:\/\/www.elregional.cl\/index.php?rest_route=\/wp\/v2\/posts\/7843","targetHints":{"allow":["GET"]}}],"collection":[{"href":"https:\/\/www.elregional.cl\/index.php?rest_route=\/wp\/v2\/posts"}],"about":[{"href":"https:\/\/www.elregional.cl\/index.php?rest_route=\/wp\/v2\/types\/post"}],"author":[{"embeddable":true,"href":"https:\/\/www.elregional.cl\/index.php?rest_route=\/wp\/v2\/users\/2"}],"replies":[{"embeddable":true,"href":"https:\/\/www.elregional.cl\/index.php?rest_route=%2Fwp%2Fv2%2Fcomments&post=7843"}],"version-history":[{"count":1,"href":"https:\/\/www.elregional.cl\/index.php?rest_route=\/wp\/v2\/posts\/7843\/revisions"}],"predecessor-version":[{"id":7845,"href":"https:\/\/www.elregional.cl\/index.php?rest_route=\/wp\/v2\/posts\/7843\/revisions\/7845"}],"wp:featuredmedia":[{"embeddable":true,"href":"https:\/\/www.elregional.cl\/index.php?rest_route=\/wp\/v2\/media\/7844"}],"wp:attachment":[{"href":"https:\/\/www.elregional.cl\/index.php?rest_route=%2Fwp%2Fv2%2Fmedia&parent=7843"}],"wp:term":[{"taxonomy":"category","embeddable":true,"href":"https:\/\/www.elregional.cl\/index.php?rest_route=%2Fwp%2Fv2%2Fcategories&post=7843"},{"taxonomy":"post_tag","embeddable":true,"href":"https:\/\/www.elregional.cl\/index.php?rest_route=%2Fwp%2Fv2%2Ftags&post=7843"}],"curies":[{"name":"wp","href":"https:\/\/api.w.org\/{rel}","templated":true}]}}