{"id":7887,"date":"2025-07-14T10:11:00","date_gmt":"2025-07-14T10:11:00","guid":{"rendered":"https:\/\/www.elregional.cl\/?p=7887"},"modified":"2025-07-14T10:11:00","modified_gmt":"2025-07-14T10:11:00","slug":"sinner-derrota-a-alcaraz-en-la-final-de-wimbledon","status":"publish","type":"post","link":"https:\/\/www.elregional.cl\/?p=7887","title":{"rendered":"Sinner derrota a Alcaraz en la final de Wimbledon"},"content":{"rendered":"<div>El tenista italiano\u00a0<b>Jannik Sinner, n\u00famero uno del mundo, logr\u00f3 su primer t\u00edtulo de Wimbledon al derrotar este domingo en la final al espa\u00f1ol Carlos Alcaraz<\/b>, ganador de las dos anteriores ediciones.<\/div>\n<div><\/div>\n<div>En una final muy cerrada,\u00a0<b>el mejor tenista de la actualidad se impuso por 4-6, 6-4, 6-4 y 6-4 en tres horas y cuatro minutos de batalla.<\/b><\/div>\n<div>\n<div id=\"contRelacionada_1172021\">\n<div class=\"flo_left cont_items_detalle_50\">\n<div class=\"flo_left bor_cont_img_mas_vistas cont_sec_emol sec_mas_vistas_emol cont_noti_rel_single\">\n<div class=\"flo_left cont_descrip_noticia\">\n<article class=\"flo_left cont_nota_relacionada\">\n<div class=\"flo_left content_img_noticia\"><\/div>\n<\/article>\n<\/div>\n<\/div>\n<\/div>\n<\/div>\n<\/div>\n<div><\/div>\n<div>Sinner, que logr\u00f3 su cuarto t\u00edtulo de Grand Slam,\u00a0<b>se tom\u00f3 la revancha de la reciente final de Roland Garros, jugada en junio<\/b>, en la que el espa\u00f1ol se impuso en cinco sets, tras remontar dos mangas de desventaja.<\/div>\n<div><\/div>\n<div>Esta vez el que debi\u00f3 venir desde atr\u00e1s fue el italiano,\u00a0<b>que perdi\u00f3 un primer parcial que dominaba por 4-2, pero lo cedi\u00f3 por 4-6 al perder los \u00faltimos cuatro games.<\/b><\/div>\n<div><\/div>\n<div>Tras eso, se recuper\u00f3 de entrada en el segundo,\u00a0<b>quebr\u00f3 en el inicio y nunca mir\u00f3 atr\u00e1s para igualar el marcador con otro 6-4.<\/b><\/div>\n<div><\/div>\n<div><b>Desde entonces todo fue para Sinner.\u00a0<\/b>Domin\u00f3 desde el fondo de la cancha, someti\u00f3 con sus golpes a un Alcaraz totalmente confundido, lleno de dudas y sin respuestas.\u00a0<b>Los dos parciales siguientes quedaron por 6-4 para el uno del mundo, que complet\u00f3 su faena para coronarse de forma in\u00e9dita en Londres.<\/b><\/div>\n<div><\/div>\n<div>De esta manera,<b>\u00a0el jugador con ra\u00edces austriacas gana su cuarto \u00abgrande\u00bb (2 Abierto de Australia, 1 US Open y ahora Wimbledon),<\/b>\u00a0ampliando su ventaja como l\u00edder del ranking ATP por m\u00e1s de 3.000 unidades sobre su derrotado.<\/div>\n<div><\/div>\n<div>Por su lado,\u00a0<b>el hispano perdi\u00f3 su primera final de un major, tras haber ganado las cinco anteriores,<\/b>\u00a0y se qued\u00f3 con las ganas del tricampeonato en Wimbledon.<\/div>\n<div><\/div>\n","protected":false},"excerpt":{"rendered":"<p>El tenista italiano\u00a0Jannik Sinner, n\u00famero uno del mundo, logr\u00f3 su primer t\u00edtulo de Wimbledon al derrotar este domingo en la final al espa\u00f1ol Carlos Alcaraz, ganador de las dos anteriores ediciones. En una final muy cerrada,\u00a0el mejor tenista de la actualidad se impuso por 4-6, 6-4, 6-4 y 6-4 en tres horas y cuatro minutos &hellip;<\/p>\n","protected":false},"author":2,"featured_media":7888,"comment_status":"closed","ping_status":"closed","sticky":false,"template":"","format":"standard","meta":{"footnotes":""},"categories":[5],"tags":[],"class_list":["post-7887","post","type-post","status-publish","format-standard","has-post-thumbnail","hentry","category-deportes"],"_links":{"self":[{"href":"https:\/\/www.elregional.cl\/index.php?rest_route=\/wp\/v2\/posts\/7887","targetHints":{"allow":["GET"]}}],"collection":[{"href":"https:\/\/www.elregional.cl\/index.php?rest_route=\/wp\/v2\/posts"}],"about":[{"href":"https:\/\/www.elregional.cl\/index.php?rest_route=\/wp\/v2\/types\/post"}],"author":[{"embeddable":true,"href":"https:\/\/www.elregional.cl\/index.php?rest_route=\/wp\/v2\/users\/2"}],"replies":[{"embeddable":true,"href":"https:\/\/www.elregional.cl\/index.php?rest_route=%2Fwp%2Fv2%2Fcomments&post=7887"}],"version-history":[{"count":1,"href":"https:\/\/www.elregional.cl\/index.php?rest_route=\/wp\/v2\/posts\/7887\/revisions"}],"predecessor-version":[{"id":7889,"href":"https:\/\/www.elregional.cl\/index.php?rest_route=\/wp\/v2\/posts\/7887\/revisions\/7889"}],"wp:featuredmedia":[{"embeddable":true,"href":"https:\/\/www.elregional.cl\/index.php?rest_route=\/wp\/v2\/media\/7888"}],"wp:attachment":[{"href":"https:\/\/www.elregional.cl\/index.php?rest_route=%2Fwp%2Fv2%2Fmedia&parent=7887"}],"wp:term":[{"taxonomy":"category","embeddable":true,"href":"https:\/\/www.elregional.cl\/index.php?rest_route=%2Fwp%2Fv2%2Fcategories&post=7887"},{"taxonomy":"post_tag","embeddable":true,"href":"https:\/\/www.elregional.cl\/index.php?rest_route=%2Fwp%2Fv2%2Ftags&post=7887"}],"curies":[{"name":"wp","href":"https:\/\/api.w.org\/{rel}","templated":true}]}}