{"id":7905,"date":"2025-07-15T20:35:28","date_gmt":"2025-07-15T20:35:28","guid":{"rendered":"https:\/\/www.elregional.cl\/?p=7905"},"modified":"2025-07-15T20:35:28","modified_gmt":"2025-07-15T20:35:28","slug":"exportaciones-regionales-del-peru-crecen-229-de-enero-a-mayo-de-2025","status":"publish","type":"post","link":"https:\/\/www.elregional.cl\/?p=7905","title":{"rendered":"Exportaciones regionales del Per\u00fa crecen 22,9% de enero a mayo de 2025"},"content":{"rendered":"<header class=\"entry-header\"><\/header>\n<div class=\"entry-content clearfix\">\n<p><a href=\"https:\/\/www.linkedin.com\/company\/portalportuario-cl\/\" target=\"_blank\" rel=\"noopener\"><strong>@PortalPortuario<\/strong><\/a><\/p>\n<hr \/>\n<p>De enero a mayo de 2025, las <strong>exportaciones<\/strong>\u00a0<strong>regionales<\/strong>\u00a0-que representan el 84,4% del total de\u00a0<strong>Per\u00fa<\/strong>\u2013 sumaron 28.041 millones de d\u00f3lares, logrando un crecimiento de 22,9%, ligeramente superior al promedio nacional (22,3%), seg\u00fan el\u00a0<strong>Reporte Regional de Comercio<\/strong>\u00a0elaborado por el\u00a0<strong>Ministerio de Comercio Exterior y Turismo (Mincetur)<\/strong>.<\/p>\n<p>En l\u00ednea con lo dado a conocer, el resultado responde al incremento de la oferta exportable en distintas regiones y a la mejora de precios internacionales. As\u00ed, 20 de las 23 regiones del interior del Per\u00fa lograron expandir sus ventas al exterior.<\/p>\n<p>Los mayores crecimientos se registraron en Hu\u00e1nuco (286%), Amazonas (147%), Apur\u00edmac (84%), Ayacucho (78%), Jun\u00edn (77%), San Mart\u00edn (74%) y Lambayeque (54%).<\/p>\n<p>En el norte del pa\u00eds, Lambayeque destac\u00f3 por su fuerte avance en agroexportaciones como palta (128%), mango (117%) y esp\u00e1rrago (90%). Cajamarca increment\u00f3 sus env\u00edos de cobre (91%) y oro (50%), mientras que Piura tuvo un notable desempe\u00f1o en pota (245%) y uva (130%).<\/p>\n<p>En la Amazon\u00eda, todas las regiones aumentaron sus ventas. Amazonas creci\u00f3 gracias al caf\u00e9 (168%) y cacao (49%), San Mart\u00edn igualmente por el cacao (146%) y caf\u00e9 (66%), y Ucayali por el aceite de palma (100%) y el cacao (41%).<\/p>\n<p>El centro del Per\u00fa tambi\u00e9n mostr\u00f3 un desempe\u00f1o s\u00f3lido. Hu\u00e1nuco lider\u00f3 con ventas de zinc (512%) y cacao (441%), Ayacucho creci\u00f3 con cobre (548%) y oro (92%), y Jun\u00edn registr\u00f3 un importante aumento en oro (1.549%), cobre, caf\u00e9 y cacao.<\/p>\n<p>En el sur, Apur\u00edmac increment\u00f3 sus ventas de cobre (93%) y quinua (20%), mientras que Puno destac\u00f3 por el oro (50%) y esta\u00f1o (18%). Cusco fue la \u00fanica regi\u00f3n con una leve contracci\u00f3n.<\/p>\n<p>Cabe mencionar que, en los \u00faltimos 12 meses, Arequipa fue la regi\u00f3n exportadora l\u00edder del interior (9% del total nacional), mientras que Ica lider\u00f3 en bienes no minero-energ\u00e9ticos (12%) y agroexportaci\u00f3n (19%). Piura se posicion\u00f3 como principal exportador de bienes no tradicionales (14%) y pesqueros (26%).<\/p>\n<\/div>\n","protected":false},"excerpt":{"rendered":"<p>@PortalPortuario De enero a mayo de 2025, las exportaciones\u00a0regionales\u00a0-que representan el 84,4% del total de\u00a0Per\u00fa\u2013 sumaron 28.041 millones de d\u00f3lares, logrando un crecimiento de 22,9%, ligeramente superior al promedio nacional (22,3%), seg\u00fan el\u00a0Reporte Regional de Comercio\u00a0elaborado por el\u00a0Ministerio de Comercio Exterior y Turismo (Mincetur). En l\u00ednea con lo dado a conocer, el resultado responde al &hellip;<\/p>\n","protected":false},"author":2,"featured_media":7906,"comment_status":"closed","ping_status":"closed","sticky":false,"template":"","format":"standard","meta":{"footnotes":""},"categories":[4],"tags":[],"class_list":["post-7905","post","type-post","status-publish","format-standard","has-post-thumbnail","hentry","category-mundo"],"_links":{"self":[{"href":"https:\/\/www.elregional.cl\/index.php?rest_route=\/wp\/v2\/posts\/7905","targetHints":{"allow":["GET"]}}],"collection":[{"href":"https:\/\/www.elregional.cl\/index.php?rest_route=\/wp\/v2\/posts"}],"about":[{"href":"https:\/\/www.elregional.cl\/index.php?rest_route=\/wp\/v2\/types\/post"}],"author":[{"embeddable":true,"href":"https:\/\/www.elregional.cl\/index.php?rest_route=\/wp\/v2\/users\/2"}],"replies":[{"embeddable":true,"href":"https:\/\/www.elregional.cl\/index.php?rest_route=%2Fwp%2Fv2%2Fcomments&post=7905"}],"version-history":[{"count":1,"href":"https:\/\/www.elregional.cl\/index.php?rest_route=\/wp\/v2\/posts\/7905\/revisions"}],"predecessor-version":[{"id":7907,"href":"https:\/\/www.elregional.cl\/index.php?rest_route=\/wp\/v2\/posts\/7905\/revisions\/7907"}],"wp:featuredmedia":[{"embeddable":true,"href":"https:\/\/www.elregional.cl\/index.php?rest_route=\/wp\/v2\/media\/7906"}],"wp:attachment":[{"href":"https:\/\/www.elregional.cl\/index.php?rest_route=%2Fwp%2Fv2%2Fmedia&parent=7905"}],"wp:term":[{"taxonomy":"category","embeddable":true,"href":"https:\/\/www.elregional.cl\/index.php?rest_route=%2Fwp%2Fv2%2Fcategories&post=7905"},{"taxonomy":"post_tag","embeddable":true,"href":"https:\/\/www.elregional.cl\/index.php?rest_route=%2Fwp%2Fv2%2Ftags&post=7905"}],"curies":[{"name":"wp","href":"https:\/\/api.w.org\/{rel}","templated":true}]}}