{"id":7928,"date":"2025-07-16T20:50:57","date_gmt":"2025-07-16T20:50:57","guid":{"rendered":"https:\/\/www.elregional.cl\/?p=7928"},"modified":"2025-07-16T20:50:57","modified_gmt":"2025-07-16T20:50:57","slug":"potentes-ataques-israelies-sacuden-la-capital-siria-en-defensa-de-la-minoria-drusa","status":"publish","type":"post","link":"https:\/\/www.elregional.cl\/?p=7928","title":{"rendered":"Potentes ataques israel\u00edes sacuden la capital siria en defensa de la minor\u00eda drusa"},"content":{"rendered":"<header class=\"header__wrapper-outer\">\n<div class=\"header__wrapper-inner\" data-editable=\"header\">\n<nav id=\"pageHeader\" class=\"header cnn-app-display-none\" data-uri=\"es.cms.cnn.com\/_components\/header\/instances\/cnne-mundo-v1@published\" data-editable=\"settings\" data-analytics-aggregate-events=\"true\">\n<div class=\"header__inner\">\n<div class=\"header__subnav-mount\">\n<div class=\"header__container\">\n<div class=\"header__left\">\n<div class=\"brand-logo\" data-uri=\"es.cms.cnn.com\/_components\/brand-logo\/instances\/new-cnne-mundo-header-v1@published\" data-editable=\"settings\"><\/div>\n<\/div>\n<\/div>\n<\/div>\n<\/div>\n<\/nav>\n<\/div>\n<\/header>\n<div class=\"layout__content-wrapper layout-with-rail__content-wrapper\">\n<section class=\"layout__wrapper layout-with-rail__wrapper\" data-sticky-anchor-pos=\"top\" data-sticky-anchor-condition-type=\"pageType,subsection\" data-sticky-anchor-condition-value=\"article,!elections\" data-sticky-anchor-priority=\"1\">\n<section class=\"layout__main-wrapper layout-with-rail__main-wrapper\">\n<section class=\"layout__main layout-with-rail__main\" data-editable=\"main\" data-track-zone=\"main\" data-reorderable=\"main\">\n<article class=\"article\" role=\"main\" data-uri=\"es.cms.cnn.com\/_components\/article\/instances\/cmd5ypb9z003p27o13z974hdt@published\" data-drag-disable=\"true\" data-unselectable=\"true\" data-show-regwall=\"false\" data-show-paywall=\"false\" data-subscription-only=\"false\">\n<section class=\"body tabcontent active\" data-tabcontent=\"Content\"><main class=\"article__main\"><\/p>\n<div class=\"image__lede article__lede-wrapper\" data-editable=\"lede\" data-freewheel-lede=\"true\">\n<div class=\"video-resource\" data-uri=\"es.cms.cnn.com\/_components\/video-resource\/instances\/cmd66nfp80003356n6gavxwah@published\" data-component-name=\"video-resource\" data-editable=\"settings\" data-fixed-ratio=\"16x9\" data-canonical-url-path=\"\/2025\/07\/16\/mundo\/video\/siria-israel-ataque-drusos-presentadora-trax\" data-parent-uri=\"es.cms.cnn.com\/_components\/video-resource\/instances\/cmd65ze850000356knqa6xqmh@published\" data-video-id=\"mec7974a4e4ae7329190909af96d3d3ad0ebe03a35\" data-media-id=\"mec7974a4e4ae7329190909af96d3d3ad0ebe03a35\" data-bolt-id=\"49411626-4ddc-554a-b52a-ad134ab1fb37\" data-live=\"\" data-analytics-aggregate-events=\"true\" data-custom-experience=\"\" data-asset-type=\"hlsTs\" data-auth-type=\"none\" data-content-type=\"mediasource-clip\" data-medium-env=\"\" data-autostart=\"disabled\" data-show-ads=\"true\" data-source=\"CNN\" data-featured-video=\"true\" data-headline=\"Presentadora siria se protege de un ataque a\u00e9reo en televisi\u00f3n en vivo\" data-has-video-player=\"true\" data-description=\"&lt;p&gt;Un ataque a\u00e9reo contra el Ministerio de Defensa de Siria fue capturado en televisi\u00f3n en vivo, obligando a la presentadora a cubrirse. Israel ha estado lanzando ataques a\u00e9reos contra Siria como parte de su compromiso de proteger a la comunidad drusa, una minor\u00eda \u00e1rabe al centro de enfrentamientos contra grupos leales al gobierno.&lt;\/p&gt;\" data-duration=\"00:32\" data-source-html=\"&lt;span class=&quot;video-resource__source&quot;&gt; - Fuente:\n\n                &lt;a target=&quot;_self&quot; href=&quot;https:\/\/www.cnn.com\/&quot; class=&quot;video-resource__source-url&quot;&gt;CNN&lt;\/a&gt;\n    &lt;\/span&gt;\" data-fave-thumbnails=\"{&quot;big&quot;: { &quot;uri&quot;: &quot;https:\/\/media.cnn.com\/api\/v1\/images\/stellar\/prod\/113065-syriaanchorliveairstrike-thumb-20250716162716679.png?c=16x9&amp;q=h_540,w_960,c_fill&quot; }, &quot;small&quot;: { &quot;uri&quot;: &quot;https:\/\/media.cnn.com\/api\/v1\/images\/stellar\/prod\/113065-syriaanchorliveairstrike-thumb-20250716162716679.png?c=16x9&amp;q=h_540,w_960,c_fill&quot; }  }\" data-vr-video=\"false\" data-show-html=\"&lt;!-- unable to render partial show without a supplied context --&gt;\" data-byline-html=\"&lt;div\n  data-uri=&quot;es.cms.cnn.com\/_components\/byline\/instances\/cmd65zea80001356k0ov4dse9@published&quot;\n  data-component-name=&quot;byline&quot;\n  class=&quot;byline vossi-byline&quot;\n  data-editable=&quot;settings&quot;\n&gt;\n        &lt;div class=&quot;byline__images&quot;&gt;\n        &lt;\/div&gt;\n        &lt;div class=&quot;byline__names vossi-byline__names&quot;&gt;\n          Por &lt;span class=&quot;byline__name&quot;&gt;Salma Abdelaziz&lt;\/span&gt;, CNN en Espa\u00f1ol\n        &lt;\/div&gt;\n&lt;\/div&gt;\" data-timestamp-html=\"&lt;div\n  class=&quot;timestamp vossi-timestamp&quot;\n  data-uri=&quot;es.cms.cnn.com\/_components\/timestamp\/instances\/cmd65zeon000a356k46s3ruwg@published&quot;\n  data-editable=&quot;settings&quot;\n&gt;\n\n          08:58 ET (12:58 GMT) 16 de julio de 2025\n&lt;\/div&gt;\" data-check-event-based-preview=\"\" data-is-vertical-video-embed=\"false\" data-network-id=\"\" data-publish-date=\"2025-07-16T16:27:46.038Z\" data-video-section=\"mundo\" data-canonical-url=\"https:\/\/cnnespanol.cnn.com\/2025\/07\/16\/mundo\/video\/siria-israel-ataque-drusos-presentadora-trax\" data-branding-key=\"\" data-video-slug=\"siria-israel-ataque-drusos-presentadora-trax\" data-first-publish-slug=\"siria-israel-ataque-drusos-presentadora-trax\" data-video-tags=\"\" data-breakpoints=\"{&quot;video-resource--media-extra-large&quot;: 660}\" data-display-video-cover=\"true\" data-details=\"\"><\/p>\n<div class=\"video-resource__cover\">\n<div class=\"video-resource__overlay\">\n<div class=\"video-resource__controls\">\n<div class=\"video-resource__info\">\n<div class=\"video-resource__chyron-wrapper\">\n<div class=\"video-resource__chyron\" data-original-text=\"Presentadora siria se protege de un ataque a\u00e9reo en televisi\u00f3n en vivo\"><\/div>\n<\/div>\n<\/div>\n<\/div>\n<\/div>\n<\/div>\n<\/div>\n<\/div>\n<div class=\"article__content-container\">\n<div class=\"article__content\" data-editable=\"content\" data-reorderable=\"content\">\n<div class=\"source vossi-source inline-placeholder\" data-uri=\"es.cms.cnn.com\/_components\/source\/instances\/cmd5ypb9z003n27o19hy7eap8@published\" data-component-name=\"source\" data-article-gutter=\"true\"><cite class=\"source__cite vossi-source__cite\"><span class=\"source__text\" data-editable=\"source\">CNN<\/span>\u00a0\u2014\u00a0<\/cite><\/div>\n<p class=\"paragraph inline-placeholder vossi-paragraph\" data-uri=\"es.cms.cnn.com\/_components\/paragraph\/instances\/cmd5zksud000u356kjyy7bylz@published\" data-editable=\"text\" data-component-name=\"paragraph\" data-article-gutter=\"true\" data-analytics-observe=\"on\">Israel llev\u00f3 a cabo este mi\u00e9rcoles una serie de poderosos ataques sobre la capital siria, Damasco, e intensific\u00f3 una campa\u00f1a que, seg\u00fan dice, apoya a un grupo minoritario \u00e1rabe involucrado en enfrentamientos mortales con las fuerzas del Gobierno de Siria.<\/p>\n<p class=\"paragraph inline-placeholder vossi-paragraph\" data-uri=\"es.cms.cnn.com\/_components\/paragraph\/instances\/cmd61ctrq000b3b6nc9ol7bx4@published\" data-editable=\"text\" data-component-name=\"paragraph\" data-article-gutter=\"true\" data-analytics-observe=\"on\">Un video de un canal de televisi\u00f3n sirio mostr\u00f3 en vivo y al aire el impacto del edificio del Ministerio de Defensa, lo que oblig\u00f3 a la presentadora a ponerse a cubierto.<\/p>\n<div class=\"ad-slot-wrapper qtm-element\" data-ad-id=\"ad_rect_btf_06\" data-ad-position=\"mobile\">\n<div id=\"ad_rect_btf_06\" class=\"qtm-slot-inner ad-qtm adfuel-rendered\" data-ad-text=\"show\" data-ad-refresh=\"adbody\" data-google-query-id=\"CITl8Yyfwo4DFamDYQYd6nQEvQ\">\n<div id=\"google_ads_iframe_\/21756062855\/Espanol\/world\/leaf\/vls_1__container__\"><\/div>\n<\/div>\n<\/div>\n<p class=\"paragraph inline-placeholder vossi-paragraph\" data-uri=\"es.cms.cnn.com\/_components\/paragraph\/instances\/cmd61ctrq000c3b6ny9kcybrg@published\" data-editable=\"text\" data-component-name=\"paragraph\" data-article-gutter=\"true\" data-analytics-observe=\"on\">El ministro de Defensa de Israel, Israel Katz, comparti\u00f3 las im\u00e1genes y dijo que \u201clos golpes dolorosos han comenzado\u201d.<\/p>\n<p class=\"paragraph inline-placeholder vossi-paragraph\" data-uri=\"es.cms.cnn.com\/_components\/paragraph\/instances\/cmd61ctrq000d3b6ntq49l1xc@published\" data-editable=\"text\" data-component-name=\"paragraph\" data-article-gutter=\"true\" data-analytics-observe=\"on\">En una conferencia de prensa celebrada por las Fuerzas de Defensa de Israel (FDI), un oficial militar confirm\u00f3 que Israel hab\u00eda atacado el ministerio y una zona cercana al palacio presidencial.<\/p>\n<p class=\"paragraph inline-placeholder vossi-paragraph\" data-uri=\"es.cms.cnn.com\/_components\/paragraph\/instances\/cmd61ctrq000e3b6nrvibmo4w@published\" data-editable=\"text\" data-component-name=\"paragraph\" data-article-gutter=\"true\" data-analytics-observe=\"on\">Al menos 13 personas resultaron heridas en los ataques, dijo el Ministerio de Salud sirio a CNN.<\/p>\n<\/div>\n<\/div>\n<p><\/main><\/section>\n<\/article>\n<\/section>\n<\/section>\n<\/section>\n<\/div>\n","protected":false},"excerpt":{"rendered":"<p>CNN\u00a0\u2014\u00a0 Israel llev\u00f3 a cabo este mi\u00e9rcoles una serie de poderosos ataques sobre la capital siria, Damasco, e intensific\u00f3 una campa\u00f1a que, seg\u00fan dice, apoya a un grupo minoritario \u00e1rabe involucrado en enfrentamientos mortales con las fuerzas del Gobierno de Siria. Un video de un canal de televisi\u00f3n sirio mostr\u00f3 en vivo y al aire &hellip;<\/p>\n","protected":false},"author":2,"featured_media":7929,"comment_status":"closed","ping_status":"closed","sticky":false,"template":"","format":"standard","meta":{"footnotes":""},"categories":[4],"tags":[],"class_list":["post-7928","post","type-post","status-publish","format-standard","has-post-thumbnail","hentry","category-mundo"],"_links":{"self":[{"href":"https:\/\/www.elregional.cl\/index.php?rest_route=\/wp\/v2\/posts\/7928","targetHints":{"allow":["GET"]}}],"collection":[{"href":"https:\/\/www.elregional.cl\/index.php?rest_route=\/wp\/v2\/posts"}],"about":[{"href":"https:\/\/www.elregional.cl\/index.php?rest_route=\/wp\/v2\/types\/post"}],"author":[{"embeddable":true,"href":"https:\/\/www.elregional.cl\/index.php?rest_route=\/wp\/v2\/users\/2"}],"replies":[{"embeddable":true,"href":"https:\/\/www.elregional.cl\/index.php?rest_route=%2Fwp%2Fv2%2Fcomments&post=7928"}],"version-history":[{"count":1,"href":"https:\/\/www.elregional.cl\/index.php?rest_route=\/wp\/v2\/posts\/7928\/revisions"}],"predecessor-version":[{"id":7930,"href":"https:\/\/www.elregional.cl\/index.php?rest_route=\/wp\/v2\/posts\/7928\/revisions\/7930"}],"wp:featuredmedia":[{"embeddable":true,"href":"https:\/\/www.elregional.cl\/index.php?rest_route=\/wp\/v2\/media\/7929"}],"wp:attachment":[{"href":"https:\/\/www.elregional.cl\/index.php?rest_route=%2Fwp%2Fv2%2Fmedia&parent=7928"}],"wp:term":[{"taxonomy":"category","embeddable":true,"href":"https:\/\/www.elregional.cl\/index.php?rest_route=%2Fwp%2Fv2%2Fcategories&post=7928"},{"taxonomy":"post_tag","embeddable":true,"href":"https:\/\/www.elregional.cl\/index.php?rest_route=%2Fwp%2Fv2%2Ftags&post=7928"}],"curies":[{"name":"wp","href":"https:\/\/api.w.org\/{rel}","templated":true}]}}