{"id":7976,"date":"2025-07-17T14:02:43","date_gmt":"2025-07-17T14:02:43","guid":{"rendered":"https:\/\/www.elregional.cl\/?p=7976"},"modified":"2025-07-17T14:02:43","modified_gmt":"2025-07-17T14:02:43","slug":"los-palestinos-siguen-muriendo-en-los-centros-de-ayuda-en-gaza-al-menos-20-muertos-en-un-atropellamiento","status":"publish","type":"post","link":"https:\/\/www.elregional.cl\/?p=7976","title":{"rendered":"Los palestinos siguen muriendo en los centros de ayuda en Gaza: al menos 20 muertos en un atropellamiento"},"content":{"rendered":"<section class=\"layout__top layout-with-rail__top\" data-editable=\"top\" data-track-zone=\"top\">\n<div class=\"headline headline--has-lowertext\" data-uri=\"es.cms.cnn.com\/_components\/headline\/instances\/cmd6icltq000i27ns2osaei67@published\" data-component-name=\"headline\" data-analytics-observe=\"off\">\n<div class=\"headline__wrapper\">\n<h1 id=\"maincontent\" class=\"headline__text inline-placeholder vossi-headline-text\" data-editable=\"headlineText\"><\/h1>\n<\/div>\n<\/div>\n<\/section>\n<section class=\"layout__wrapper layout-with-rail__wrapper\" data-sticky-anchor-pos=\"top\" data-sticky-anchor-condition-type=\"pageType,subsection\" data-sticky-anchor-condition-value=\"article,!elections\" data-sticky-anchor-priority=\"1\">\n<section class=\"layout__main-wrapper layout-with-rail__main-wrapper\">\n<section class=\"layout__main layout-with-rail__main\" data-editable=\"main\" data-track-zone=\"main\" data-reorderable=\"main\">\n<article class=\"article\" role=\"main\" data-uri=\"es.cms.cnn.com\/_components\/article\/instances\/cmd6iclu2000s27nsbchka56z@published\" data-drag-disable=\"true\" data-unselectable=\"true\" data-show-regwall=\"false\" data-show-paywall=\"false\" data-subscription-only=\"false\">\n<section class=\"body tabcontent active\" data-tabcontent=\"Content\"><main class=\"article__main\"><\/p>\n<div class=\"article__content-container\">\n<div class=\"article__content\" data-editable=\"content\" data-reorderable=\"content\">\n<div class=\"source vossi-source inline-placeholder\" data-uri=\"es.cms.cnn.com\/_components\/source\/instances\/cmd6iclu2000q27ns1ylahmb0@published\" data-component-name=\"source\" data-article-gutter=\"true\"><cite class=\"source__cite vossi-source__cite\"><span class=\"source__text\" data-editable=\"source\">CNN<\/span>\u00a0\u2014\u00a0<\/cite><\/div>\n<p class=\"paragraph inline-placeholder vossi-paragraph\" data-uri=\"es.cms.cnn.com\/_components\/paragraph\/instances\/cmd6iclu2000r27nsah6y2rxs@published\" data-editable=\"text\" data-component-name=\"paragraph\" data-article-gutter=\"true\" data-analytics-observe=\"on\">Al menos 20 personas murieron en un atropellamiento en un centro de distribuci\u00f3n de ayuda humanitaria gestionado por la\u00a0<a href=\"https:\/\/www.cnn.com\/2025\/06\/03\/politics\/us-consulting-group-terminates-contract-gaza-aid-group\">Fundaci\u00f3n Humanitaria de Gaza<\/a>\u00a0(FGH, en ingl\u00e9s), seg\u00fan inform\u00f3 el mi\u00e9rcoles la controvertida organizaci\u00f3n, respaldada por Israel y Estados Unidos. Esta es la primera vez que reconoce muertes en uno de sus centros.<\/p>\n<p class=\"paragraph inline-placeholder vossi-paragraph\" data-uri=\"es.cms.cnn.com\/_components\/paragraph\/instances\/cmd6ie2ac0007356n72unesxz@published\" data-editable=\"text\" data-component-name=\"paragraph\" data-article-gutter=\"true\" data-analytics-observe=\"on\">Seg\u00fan la FGH, las personas murieron en una \u201coleada ca\u00f3tica y peligrosa\u201d, que, seg\u00fan la organizaci\u00f3n, fue \u201cimpulsada por agitadores entre la multitud\u201d. El grupo de ayuda humanitaria indic\u00f3 que 19 personas fueron pisoteadas y una apu\u00f1alada en el atropellamiento.<\/p>\n<div class=\"ad-slot-wrapper qtm-element\" data-ad-id=\"ad_rect_btf_06\" data-ad-position=\"mobile\">\n<div id=\"ad_rect_btf_06\" class=\"qtm-slot-inner ad-qtm adfuel-rendered\" data-ad-text=\"show\" data-ad-refresh=\"adbody\" data-google-query-id=\"CN_A-OCGxI4DFTODYQYdD8Uo2w\">\n<div id=\"google_ads_iframe_\/21756062855\/Espanol\/world\/leaf\/vls_1__container__\"><\/div>\n<\/div>\n<\/div>\n<p class=\"paragraph inline-placeholder vossi-paragraph\" data-uri=\"es.cms.cnn.com\/_components\/paragraph\/instances\/cmd6ie2ac0008356nbss0o6oq@published\" data-editable=\"text\" data-component-name=\"paragraph\" data-article-gutter=\"true\" data-analytics-observe=\"on\">La FGH aleg\u00f3 que individuos \u201carmados y afiliados a Hamas\u201d instigaron deliberadamente el caos. \u201cPor primera vez desde que comenzaron las operaciones, el personal de la FGH identific\u00f3 varias armas de fuego entre la multitud, una de las cuales fue confiscada\u201d, dijo.<\/p>\n<div class=\"related-content related-content--article\" data-uri=\"es.cms.cnn.com\/_components\/related-content\/instances\/cmd6irca3000v356nraj3i2ce@published\" data-component-name=\"related-content\" data-article-gutter=\"true\" data-analytics-observe=\"on\">\n<div class=\"related-content__image image__related-content\">\n<div class=\"image image__hide-placeholder image--eq-extra-small\" data-uri=\"es.cms.cnn.com\/_components\/image\/instances\/cmd3888nx00mg26pebtnv9cl7@published\" data-image-variation=\"image\" data-name=\"gettyimages-2218824258.jpg\" data-component-name=\"image\" data-observe-resizes=\"\" data-breakpoints=\"{&quot;image--eq-extra-small&quot;: 115, &quot;image--eq-small&quot;: 300, &quot;image--eq-large&quot;: 660}\" data-original-ratio=\"0.5629310344827586\" data-original-height=\"653\" data-original-width=\"1160\" data-url=\"https:\/\/media.cnn.com\/api\/v1\/images\/stellar\/prod\/gettyimages-2218824258-20250714160659340.jpg?c=original\" data-editable=\"settings\">\n<div class=\"image__metadata\"><\/div>\n<\/div>\n<\/div>\n<\/div>\n<p class=\"paragraph inline-placeholder vossi-paragraph\" data-uri=\"es.cms.cnn.com\/_components\/paragraph\/instances\/cmd6ie2ac0009356nkyhcydjs@published\" data-editable=\"text\" data-component-name=\"paragraph\" data-article-gutter=\"true\" data-analytics-observe=\"on\">La Oficina de Medios Gubernamentales (OGM) de Hamas culp\u00f3 al GHF del incidente, afirmando que el grupo pidi\u00f3 a los palestinos que\u00a0<a href=\"https:\/\/www.cnn.com\/2025\/06\/09\/middleeast\/us-israel-aid-gaza-looting-intl\">recibieran ayuda<\/a>\u00a0en el sitio de Khan Younis, al sur de Gaza, y luego \u201cprocedi\u00f3 a cerrar las puertas de hierro tras acorralar a miles de personas hambrientas en estrechos pasillos de hierro\u201d.<\/p>\n<p class=\"paragraph inline-placeholder vossi-paragraph\" data-uri=\"es.cms.cnn.com\/_components\/paragraph\/instances\/cmd6ie2ac000a356nglcl7bkv@published\" data-editable=\"text\" data-component-name=\"paragraph\" data-article-gutter=\"true\" data-analytics-observe=\"on\">El Ministerio de Salud palestino dijo que 21 personas murieron en el incidente, 15 de las cuales murieron por asfixia tras el lanzamiento de gas lacrim\u00f3geno contra una multitud que esperaba ayuda, lo que caus\u00f3 una aglomeraci\u00f3n. Las otras seis personas recibieron disparos en la parte superior del cuerpo por parte de las fuerzas israel\u00edes, a\u00f1adi\u00f3.<\/p>\n<p class=\"paragraph inline-placeholder vossi-paragraph\" data-uri=\"es.cms.cnn.com\/_components\/paragraph\/instances\/cmd6ie2ac000b356neteugvzw@published\" data-editable=\"text\" data-component-name=\"paragraph\" data-article-gutter=\"true\" data-analytics-observe=\"on\">Al ser preguntado sobre los presuntos disparos, las Fuezas de Defensa de Israel (FDI) remitieron a CNN a la declaraci\u00f3n previa del GHF sobre el incidente.<\/p>\n<p class=\"paragraph inline-placeholder vossi-paragraph\" data-uri=\"es.cms.cnn.com\/_components\/paragraph\/instances\/cmd6ie2ac000c356nnqlu29hj@published\" data-editable=\"text\" data-component-name=\"paragraph\" data-article-gutter=\"true\" data-analytics-observe=\"on\">Un testigo presencial, Yahya Al Sousi, dijo a CNN que \u201ccorr\u00eda a buscar ayuda\u201d cuando \u201clos estadounidenses cerraron las puertas frente a nosotros\u201d.<\/p>\n<\/div>\n<\/div>\n<p><\/main><\/section>\n<\/article>\n<\/section>\n<\/section>\n<\/section>\n","protected":false},"excerpt":{"rendered":"<p>CNN\u00a0\u2014\u00a0 Al menos 20 personas murieron en un atropellamiento en un centro de distribuci\u00f3n de ayuda humanitaria gestionado por la\u00a0Fundaci\u00f3n Humanitaria de Gaza\u00a0(FGH, en ingl\u00e9s), seg\u00fan inform\u00f3 el mi\u00e9rcoles la controvertida organizaci\u00f3n, respaldada por Israel y Estados Unidos. Esta es la primera vez que reconoce muertes en uno de sus centros. Seg\u00fan la FGH, las &hellip;<\/p>\n","protected":false},"author":2,"featured_media":7977,"comment_status":"closed","ping_status":"closed","sticky":false,"template":"","format":"standard","meta":{"footnotes":""},"categories":[4],"tags":[],"class_list":["post-7976","post","type-post","status-publish","format-standard","has-post-thumbnail","hentry","category-mundo"],"_links":{"self":[{"href":"https:\/\/www.elregional.cl\/index.php?rest_route=\/wp\/v2\/posts\/7976","targetHints":{"allow":["GET"]}}],"collection":[{"href":"https:\/\/www.elregional.cl\/index.php?rest_route=\/wp\/v2\/posts"}],"about":[{"href":"https:\/\/www.elregional.cl\/index.php?rest_route=\/wp\/v2\/types\/post"}],"author":[{"embeddable":true,"href":"https:\/\/www.elregional.cl\/index.php?rest_route=\/wp\/v2\/users\/2"}],"replies":[{"embeddable":true,"href":"https:\/\/www.elregional.cl\/index.php?rest_route=%2Fwp%2Fv2%2Fcomments&post=7976"}],"version-history":[{"count":1,"href":"https:\/\/www.elregional.cl\/index.php?rest_route=\/wp\/v2\/posts\/7976\/revisions"}],"predecessor-version":[{"id":7978,"href":"https:\/\/www.elregional.cl\/index.php?rest_route=\/wp\/v2\/posts\/7976\/revisions\/7978"}],"wp:featuredmedia":[{"embeddable":true,"href":"https:\/\/www.elregional.cl\/index.php?rest_route=\/wp\/v2\/media\/7977"}],"wp:attachment":[{"href":"https:\/\/www.elregional.cl\/index.php?rest_route=%2Fwp%2Fv2%2Fmedia&parent=7976"}],"wp:term":[{"taxonomy":"category","embeddable":true,"href":"https:\/\/www.elregional.cl\/index.php?rest_route=%2Fwp%2Fv2%2Fcategories&post=7976"},{"taxonomy":"post_tag","embeddable":true,"href":"https:\/\/www.elregional.cl\/index.php?rest_route=%2Fwp%2Fv2%2Ftags&post=7976"}],"curies":[{"name":"wp","href":"https:\/\/api.w.org\/{rel}","templated":true}]}}