{"id":8041,"date":"2025-07-21T07:42:22","date_gmt":"2025-07-21T07:42:22","guid":{"rendered":"https:\/\/www.elregional.cl\/?p=8041"},"modified":"2025-07-21T07:42:22","modified_gmt":"2025-07-21T07:42:22","slug":"extraditan-a-estados-unidos-a-fito-el-mayor-narco-de-ecuador-y-lider-de-la-banda-criminal-los-choneros","status":"publish","type":"post","link":"https:\/\/www.elregional.cl\/?p=8041","title":{"rendered":"Extraditan a Estados Unidos a \u00abFito\u00bb, el mayor narco de Ecuador y l\u00edder de la banda criminal \u00abLos Choneros\u00bb"},"content":{"rendered":"<div class=\"div_titulo\">\n<h1 id=\"ucDetalle_TituloNoticia\"><\/h1>\n<\/div>\n<div class=\"div_h2\">\n<h5 id=\"ucDetalle_BajadaNoticia\">EMOL<\/h5>\n<h5>La fiscal\u00eda estadounidense levant\u00f3 cargos contra el capo en abril pasado por tr\u00e1fico de drogas y armas. Su recaptura recrudeci\u00f3 la violencia en el pa\u00eds.<\/h5>\n<\/div>\n<div class=\"contenedor_social_emol\"><\/div>\n<div id=\"ucDetalle_CuerpoNoticia\" class=\"cuerpo_noticia cuerpo_noti_height_full\">\n<div>El gobierno de Ecuador extradit\u00f3 este domingo hacia Estados Unidos a\u00a0<b>Adolfo Mac\u00edas, alias \u00abFito\u00bb,\u00a0<\/b>el mayor narcotraficante del pa\u00eds, casi un mes despu\u00e9s de su recaptura tras haberse fugado de una c\u00e1rcel de m\u00e1xima seguridad en 2024, inform\u00f3 la autoridad penitenciaria.<\/div>\n<div><\/div>\n<div>Mac\u00edas fue puesto a bordo de un avi\u00f3n del gobierno estadounidense, que parti\u00f3 fuertemente custodiado desde la ciudad portuaria de Guayaquil (oeste). La noche del domingo aterriz\u00f3 en Nueva York, seg\u00fan la<\/div>\n<div>\n<div id=\"contRelacionadas_1172573-1172623\">\n<div class=\"flo_left cont_items_detalle_50\">\n<div class=\"flo_left bor_cont_img_mas_vistas cont_sec_emol sec_mas_vistas_emol\">\n<div class=\"flo_left cont_descrip_noticia\">\n<article id=\"contNotRel_1172623\" class=\"flo_left cont_nota_relacionada\">\n<div class=\"cont_contador_comentarios flo_left cont_icon_social f_comentario\" data-id=\"1172623\"><\/div>\n<\/article>\n<\/div>\n<\/div>\n<\/div>\n<\/div>\n<\/div>\n<div><b>La fiscal\u00eda estadounidense levant\u00f3 cargos contra el capo en abril pasado por tr\u00e1fico de drogas y armas.<\/b><\/div>\n<div><\/div>\n<div>Un documento emitido el domingo por el Departamento de Justicia estadounidense, al que la AFP tuvo acceso, asegura que \u00abest\u00e1 previsto que (alias Fito) comparezca ante el Tribunal ma\u00f1ana (lunes) para una lectura de cargos sobre la acusaci\u00f3n sustitutiva\u00bb, con la que arrancar\u00e1 su proceso legal en una corte del Distrito Este de Nueva York.<\/div>\n<div><\/div>\n<div>El narco \u00abfue retirado de las instalaciones\u00bb de la prisi\u00f3n de m\u00e1xima de seguridad de La Roca, en Guayaquil, y sali\u00f3 custodiado por polic\u00edas y militares \u00abpara los fines que correspondan en el marco de un proceso de extradici\u00f3n\u00bb, asegur\u00f3 la tarde del domingo el Servicio Nacional de Atenci\u00f3n Integral a Personas Privadas de la Libertad (SNAI) en un mensaje enviado a periodistas.<\/div>\n<div><\/div>\n<div>La semana pasada, el l\u00edder de la banda<b>\u00a0Los Choneros<\/b>\u00a0acept\u00f3 su extradici\u00f3n de manera \u00ablibre y voluntaria\u00bb en una audiencia ante un tribunal ecuatoriano a la que asisti\u00f3 v\u00eda telem\u00e1tica desde la c\u00e1rcel, inform\u00f3 entonces la Corte Nacional de Justicia.<\/div>\n<div><\/div>\n<div><b>Fito es el primer ecuatoriano en ser extraditado por su propio pa\u00eds desde que se restableci\u00f3 esta posibilidad en 2024<\/b>, tras un referendo. El presidente Daniel Noboa impuls\u00f3 la consulta popular para reformar la ley en medio de su guerra contra el crimen.<\/div>\n<div><\/div>\n<div>Su fuga en 2024 llev\u00f3 a Noboa a declarar un \u00abconflicto armado\u00bb interno en el pa\u00eds que sigue en pie y le permite desplegar a las fuerzas armadas en calles y c\u00e1rceles. Esa medida le ha valido duras cr\u00edticas de organismos de derechos humanos.<\/div>\n<\/div>\n","protected":false},"excerpt":{"rendered":"<p>EMOL La fiscal\u00eda estadounidense levant\u00f3 cargos contra el capo en abril pasado por tr\u00e1fico de drogas y armas. Su recaptura recrudeci\u00f3 la violencia en el pa\u00eds. El gobierno de Ecuador extradit\u00f3 este domingo hacia Estados Unidos a\u00a0Adolfo Mac\u00edas, alias \u00abFito\u00bb,\u00a0el mayor narcotraficante del pa\u00eds, casi un mes despu\u00e9s de su recaptura tras haberse fugado de &hellip;<\/p>\n","protected":false},"author":2,"featured_media":8042,"comment_status":"closed","ping_status":"closed","sticky":false,"template":"","format":"standard","meta":{"footnotes":""},"categories":[4],"tags":[],"class_list":["post-8041","post","type-post","status-publish","format-standard","has-post-thumbnail","hentry","category-mundo"],"_links":{"self":[{"href":"https:\/\/www.elregional.cl\/index.php?rest_route=\/wp\/v2\/posts\/8041","targetHints":{"allow":["GET"]}}],"collection":[{"href":"https:\/\/www.elregional.cl\/index.php?rest_route=\/wp\/v2\/posts"}],"about":[{"href":"https:\/\/www.elregional.cl\/index.php?rest_route=\/wp\/v2\/types\/post"}],"author":[{"embeddable":true,"href":"https:\/\/www.elregional.cl\/index.php?rest_route=\/wp\/v2\/users\/2"}],"replies":[{"embeddable":true,"href":"https:\/\/www.elregional.cl\/index.php?rest_route=%2Fwp%2Fv2%2Fcomments&post=8041"}],"version-history":[{"count":1,"href":"https:\/\/www.elregional.cl\/index.php?rest_route=\/wp\/v2\/posts\/8041\/revisions"}],"predecessor-version":[{"id":8043,"href":"https:\/\/www.elregional.cl\/index.php?rest_route=\/wp\/v2\/posts\/8041\/revisions\/8043"}],"wp:featuredmedia":[{"embeddable":true,"href":"https:\/\/www.elregional.cl\/index.php?rest_route=\/wp\/v2\/media\/8042"}],"wp:attachment":[{"href":"https:\/\/www.elregional.cl\/index.php?rest_route=%2Fwp%2Fv2%2Fmedia&parent=8041"}],"wp:term":[{"taxonomy":"category","embeddable":true,"href":"https:\/\/www.elregional.cl\/index.php?rest_route=%2Fwp%2Fv2%2Fcategories&post=8041"},{"taxonomy":"post_tag","embeddable":true,"href":"https:\/\/www.elregional.cl\/index.php?rest_route=%2Fwp%2Fv2%2Ftags&post=8041"}],"curies":[{"name":"wp","href":"https:\/\/api.w.org\/{rel}","templated":true}]}}