{"id":8064,"date":"2025-07-21T08:17:27","date_gmt":"2025-07-21T08:17:27","guid":{"rendered":"https:\/\/www.elregional.cl\/?p=8064"},"modified":"2025-07-21T08:17:27","modified_gmt":"2025-07-21T08:17:27","slug":"putin-recibio-en-el-kremlin-al-asesor-del-lider-supremo-de-iran","status":"publish","type":"post","link":"https:\/\/www.elregional.cl\/?p=8064","title":{"rendered":"Putin recibi\u00f3 en el Kremlin al asesor del l\u00edder supremo de Ir\u00e1n"},"content":{"rendered":"<p>La reuni\u00f3n es para hablar de la reciente escalada en Oriente Medio y el programa nuclear iran\u00ed, inform\u00f3 el Kremlin.<\/p>\n<p>El presidente de Rusia, Vlad\u00edmir Putin, recibi\u00f3 hoy en el Kremlin al asesor del l\u00edder supremo de Ir\u00e1n, Ali Larijani, para hablar de la reciente escalada en Oriente Medio y el programa nuclear iran\u00ed, inform\u00f3 el Kremlin.<br \/>\n\u00abEl representante iran\u00ed, siguiendo las instrucciones de sus dirigentes, transmiti\u00f3 su evaluaci\u00f3n de las tensiones en Oriente Medio y en torno al programa nuclear iran\u00ed\u00bb, dijo a la prensa rusa el portavoz de la Presidencia rusa, Dmitri Peskov.<br \/>\nPutin, por su parte, reiter\u00f3 la postura rusa destinada a la estabilizaci\u00f3n de la situaci\u00f3n en la regi\u00f3n y la soluci\u00f3n pac\u00edfica de las cuestiones en torno al programa nuclear iran\u00ed, agreg\u00f3.<br \/>\nEl pasado 7 de julio el ministro de Exteriores ruso, Sergu\u00e9i Lavrov, asegur\u00f3 que Rusia estaba dispuesta a empobrecer el uranio iran\u00ed para su uso pac\u00edfico en centrales nucleares.<br \/>\nEl presidente de Estados Unidos, Donald Trump, asegur\u00f3 ayer que los recientes bombardeos estadounidenses de las instalaciones nucleares de la Rep\u00fablica Isl\u00e1mica los destruyeron por completo en medio de informaciones de medios que contradicen esa versi\u00f3n.<\/p>\n<p>Fuente: https:\/\/www.soychile.cl\/santiago\/internacional\/2025\/07\/20\/914315\/purin-recibe-kremlin-asesor-lider.html<br \/>\nSitio:Soychile.cl<\/p>\n","protected":false},"excerpt":{"rendered":"<p>La reuni\u00f3n es para hablar de la reciente escalada en Oriente Medio y el programa nuclear iran\u00ed, inform\u00f3 el Kremlin. El presidente de Rusia, Vlad\u00edmir Putin, recibi\u00f3 hoy en el Kremlin al asesor del l\u00edder supremo de Ir\u00e1n, Ali Larijani, para hablar de la reciente escalada en Oriente Medio y el programa nuclear iran\u00ed, inform\u00f3 &hellip;<\/p>\n","protected":false},"author":2,"featured_media":8065,"comment_status":"closed","ping_status":"closed","sticky":false,"template":"","format":"standard","meta":{"footnotes":""},"categories":[4],"tags":[],"class_list":["post-8064","post","type-post","status-publish","format-standard","has-post-thumbnail","hentry","category-mundo"],"_links":{"self":[{"href":"https:\/\/www.elregional.cl\/index.php?rest_route=\/wp\/v2\/posts\/8064","targetHints":{"allow":["GET"]}}],"collection":[{"href":"https:\/\/www.elregional.cl\/index.php?rest_route=\/wp\/v2\/posts"}],"about":[{"href":"https:\/\/www.elregional.cl\/index.php?rest_route=\/wp\/v2\/types\/post"}],"author":[{"embeddable":true,"href":"https:\/\/www.elregional.cl\/index.php?rest_route=\/wp\/v2\/users\/2"}],"replies":[{"embeddable":true,"href":"https:\/\/www.elregional.cl\/index.php?rest_route=%2Fwp%2Fv2%2Fcomments&post=8064"}],"version-history":[{"count":1,"href":"https:\/\/www.elregional.cl\/index.php?rest_route=\/wp\/v2\/posts\/8064\/revisions"}],"predecessor-version":[{"id":8066,"href":"https:\/\/www.elregional.cl\/index.php?rest_route=\/wp\/v2\/posts\/8064\/revisions\/8066"}],"wp:featuredmedia":[{"embeddable":true,"href":"https:\/\/www.elregional.cl\/index.php?rest_route=\/wp\/v2\/media\/8065"}],"wp:attachment":[{"href":"https:\/\/www.elregional.cl\/index.php?rest_route=%2Fwp%2Fv2%2Fmedia&parent=8064"}],"wp:term":[{"taxonomy":"category","embeddable":true,"href":"https:\/\/www.elregional.cl\/index.php?rest_route=%2Fwp%2Fv2%2Fcategories&post=8064"},{"taxonomy":"post_tag","embeddable":true,"href":"https:\/\/www.elregional.cl\/index.php?rest_route=%2Fwp%2Fv2%2Ftags&post=8064"}],"curies":[{"name":"wp","href":"https:\/\/api.w.org\/{rel}","templated":true}]}}