{"id":8078,"date":"2025-07-21T12:59:49","date_gmt":"2025-07-21T12:59:49","guid":{"rendered":"https:\/\/www.elregional.cl\/?p=8078"},"modified":"2025-07-21T12:59:49","modified_gmt":"2025-07-21T12:59:49","slug":"la-pampilla-2025-campistas-delimitan-terrenos-anticipadamente","status":"publish","type":"post","link":"https:\/\/www.elregional.cl\/?p=8078","title":{"rendered":"La Pampilla 2025: Campistas delimitan terrenos anticipadamente"},"content":{"rendered":"<div id=\"649dfb90d8809614e8024a54\" class=\"container container-649dfb90d8809614e8024a54 \" data-name=\"Header Container Basic Theme Style 2.0 fmplus\">\n<div id=\"container-649dfb90d8809614e8024a54\" class=\"MuiGrid-root MuiGrid-container css-1d3bbye\">\n<div class=\"MuiGrid-root MuiGrid-container container-grid css-1d3bbye\">\n<div id=\"649e153b5c0c2d574020226d\" class=\"MuiGrid-root MuiGrid-container component component-aef373de-c7bb-497f-b8b0-febca85cc9ee component-649e153b5c0c2d574020226d  layer-component-container css-1d3bbye\" data-name=\"Nav Bar Mobile\" data-width=\"100\" data-height=\"15\">\n<div id=\"component-aef373de-c7bb-497f-b8b0-febca85cc9ee\" class=\"MuiGrid-root MuiGrid-container component-rows css-1d3bbye\">\n<div id=\"row-component-undefined\" class=\"MuiGrid-root MuiGrid-item MuiGrid-grid-xs-24 MuiGrid-grid-md-24 MuiGrid-grid-lg-24 MuiGrid-grid-xl-24 row-component row-component-0 row-component-aef373de-c7bb-497f-b8b0-febca85cc9ee css-15j76c0\">\n<div class=\"MuiGrid-root MuiGrid-container widgets-grid css-1d3bbye\">\n<div class=\"MuiGrid-root MuiGrid-item widget avatar widget-870184dc-90c9-4059-81d7-718ad464ff56 css-1wxaqej\" data-name=\"avatar\" data-width=\"20\" data-height=\"13\"><span style=\"font-size: 24px; font-weight: bold;\">La anticipaci\u00f3n por la celebraci\u00f3n de La Pampilla 2025 motiva a las familias a llegar con tiempo para asegurar sus espacios de campamento en el evento m\u00e1s grande de Chile.<\/span><\/div>\n<\/div>\n<\/div>\n<\/div>\n<\/div>\n<\/div>\n<\/div>\n<\/div>\n<div id=\"649dfb99d880960f98024a88\" class=\"container container-649dfb99d880960f98024a88 post\" data-name=\"Entrada Container Basic Theme Style 2\">\n<div id=\"container-649dfb99d880960f98024a88\" class=\"MuiGrid-root MuiGrid-container css-1d3bbye\">\n<div class=\"MuiGrid-root MuiGrid-container container-grid css-1d3bbye\">\n<div id=\"646a951470c0ec000b0ee234\" class=\"component component-3fcdbb86-6ba8-4bd8-b32c-59480e586326 component-646a951470c0ec000b0ee234  layer-component-container MuiBox-root css-0\" data-name=\"C. Entrada 02 D\u00e9cima TV - CAV - Mobile\" data-width=\"96\" data-height=\"9\">\n<div><\/div>\n<div id=\"component-3fcdbb86-6ba8-4bd8-b32c-59480e586326\" class=\"MuiGrid-root MuiGrid-container component-rows css-1d3bbye\">\n<div id=\"row-component-\/categoria\/region-coquimbo\/pampilla-2025-campistas-delimitan-terrenos-anticipadamente\" class=\"MuiGrid-root MuiGrid-item MuiGrid-grid-xs-24 MuiGrid-grid-md-24 MuiGrid-grid-lg-24 MuiGrid-grid-xl-24 row-component row-component-0 row-component-3fcdbb86-6ba8-4bd8-b32c-59480e586326 css-15j76c0\">\n<div class=\"MuiGrid-root MuiGrid-container widgets-grid css-1d3bbye\">\n<div class=\"MuiGrid-root MuiGrid-item widget typography widget-f3cdd863-f275-4602-8638-cba979cefd44 css-1wxaqej\" data-name=\"typography\" data-width=\"100\" data-height=\"6\">\n<div data-deploy=\"true\" data-id=\"8rEadIGqv0UCS_kdgQHre\">\n<div class=\"middle1_ad-container\" data-deploy-name=\"middle1_ad\">\n<div class=\"adContainer\">\n<div class=\"ad\">\n<div id=\"middle1_ad\" data-google-query-id=\"CPPWsIWAzo4DFRkAuQYdI_kMeg\">\n<div id=\"google_ads_iframe_\/22896824604\/fmplus\/middle1_0__container__\"><\/div>\n<\/div>\n<\/div>\n<\/div>\n<\/div>\n<\/div>\n<div class=\"MuiTypography-root MuiTypography-body1 layerOne body css-iqx1c8\">\n<p>Como cada a\u00f1o, un gran n\u00famero de familias se han acercado a La Pampilla de Coquimbo para delimitar los terrenos que ocupar\u00e1n durante lo que se conoce como \u00abla fiesta m\u00e1s grande de Chile\u00bb. Sin embargo, este a\u00f1o ha llamado la atenci\u00f3n la anticipaci\u00f3n de esta antigua pr\u00e1ctica, ya que usualmente el grueso de las familias comienza a instalarse en agosto, espec\u00edficamente durante el D\u00eda del Ni\u00f1o.<\/p>\n<p>Pese a esto, el equipo del diario El D\u00eda en terreno pudo comprobar que una gran parte del espacio ya se encuentra delimitado por personas que esperan disfrutar de las festividades dieciocheras de la Pampilla de Coquimbo, con las que se busca conmemorar la independencia de Chile.<\/p>\n<div data-deploy=\"true\" data-id=\"O-sl-W60hvXPd43hcnyy7\">\n<div class=\"middle2_ad-container\" data-deploy-name=\"middle2_ad\">\n<div class=\"adContainer\">\n<div class=\"ad\">\n<div id=\"middle2_ad\" data-google-query-id=\"CP-7roWAzo4DFRkAuQYdI_kMeg\">\n<div id=\"google_ads_iframe_\/22896824604\/fmplus\/middle2_0__container__\"><\/div>\n<\/div>\n<\/div>\n<\/div>\n<\/div>\n<\/div>\n<p>\u00abYo vengo a acampar junto a mi familia desde que ten\u00eda 6 o 7 a\u00f1os. Somos m\u00e1s de 20 personas las que venimos a acampar ac\u00e1, mis pap\u00e1s, t\u00edos, pareja e hijos, los que espero que sigan con nuestra tradici\u00f3n\u00bb, relat\u00f3 Javier Cort\u00e9s al diario El D\u00eda.<\/p>\n<p>Cort\u00e9s tambi\u00e9n mencion\u00f3 que \u00abGeneralmente, nosotros ven\u00edamos a marcar terreno para el D\u00eda del Ni\u00f1o en agosto, pero este a\u00f1o la gente se adelant\u00f3, empezaron a marcar como en junio y a estas alturas ya hay varios puestos marcados\u00bb. Adem\u00e1s, a\u00f1adi\u00f3: \u00abVinimos a marcar este viernes porque no quer\u00edamos perder el lugar en el que nos hemos puesto tantos a\u00f1os y por suerte pudimos conservarlo\u00bb.<\/p>\n<p>La familia Cort\u00e9s suele instalarse el 12 de septiembre y se quedan hasta el 21. \u00abNos quedamos hasta que termina la fiesta, igual nos vamos turnando, pero para el 16 de septiembre ya estamos todos\u00bb, detall\u00f3.<\/p>\n<p>\u00abQuiz\u00e1s es porque vendr\u00e1n buenos artistas, de hecho, el alcalde brome\u00f3 con que tendr\u00eda que vender la Cruz del Tercer Milenio para pagar a los artistas. Personalmente, me gustar\u00eda que trajeran a grupos rancheros chilenos\u00bb, expres\u00f3 Cort\u00e9s.<\/p>\n<\/div>\n<\/div>\n<\/div>\n<\/div>\n<\/div>\n<\/div>\n<\/div>\n<\/div>\n<\/div>\n","protected":false},"excerpt":{"rendered":"<p>La anticipaci\u00f3n por la celebraci\u00f3n de La Pampilla 2025 motiva a las familias a llegar con tiempo para asegurar sus espacios de campamento en el evento m\u00e1s grande de Chile. Como cada a\u00f1o, un gran n\u00famero de familias se han acercado a La Pampilla de Coquimbo para delimitar los terrenos que ocupar\u00e1n durante lo que &hellip;<\/p>\n","protected":false},"author":2,"featured_media":8079,"comment_status":"closed","ping_status":"closed","sticky":false,"template":"","format":"standard","meta":{"footnotes":""},"categories":[2],"tags":[],"class_list":["post-8078","post","type-post","status-publish","format-standard","has-post-thumbnail","hentry","category-regionales"],"_links":{"self":[{"href":"https:\/\/www.elregional.cl\/index.php?rest_route=\/wp\/v2\/posts\/8078","targetHints":{"allow":["GET"]}}],"collection":[{"href":"https:\/\/www.elregional.cl\/index.php?rest_route=\/wp\/v2\/posts"}],"about":[{"href":"https:\/\/www.elregional.cl\/index.php?rest_route=\/wp\/v2\/types\/post"}],"author":[{"embeddable":true,"href":"https:\/\/www.elregional.cl\/index.php?rest_route=\/wp\/v2\/users\/2"}],"replies":[{"embeddable":true,"href":"https:\/\/www.elregional.cl\/index.php?rest_route=%2Fwp%2Fv2%2Fcomments&post=8078"}],"version-history":[{"count":1,"href":"https:\/\/www.elregional.cl\/index.php?rest_route=\/wp\/v2\/posts\/8078\/revisions"}],"predecessor-version":[{"id":8080,"href":"https:\/\/www.elregional.cl\/index.php?rest_route=\/wp\/v2\/posts\/8078\/revisions\/8080"}],"wp:featuredmedia":[{"embeddable":true,"href":"https:\/\/www.elregional.cl\/index.php?rest_route=\/wp\/v2\/media\/8079"}],"wp:attachment":[{"href":"https:\/\/www.elregional.cl\/index.php?rest_route=%2Fwp%2Fv2%2Fmedia&parent=8078"}],"wp:term":[{"taxonomy":"category","embeddable":true,"href":"https:\/\/www.elregional.cl\/index.php?rest_route=%2Fwp%2Fv2%2Fcategories&post=8078"},{"taxonomy":"post_tag","embeddable":true,"href":"https:\/\/www.elregional.cl\/index.php?rest_route=%2Fwp%2Fv2%2Ftags&post=8078"}],"curies":[{"name":"wp","href":"https:\/\/api.w.org\/{rel}","templated":true}]}}