{"id":8111,"date":"2025-07-23T08:40:12","date_gmt":"2025-07-23T08:40:12","guid":{"rendered":"https:\/\/www.elregional.cl\/?p=8111"},"modified":"2025-07-23T08:40:12","modified_gmt":"2025-07-23T08:40:12","slug":"detienen-a-acusado-de-balear-a-hombre-en-la-serena","status":"publish","type":"post","link":"https:\/\/www.elregional.cl\/?p=8111","title":{"rendered":"Detienen a acusado de balear a hombre en La Serena"},"content":{"rendered":"<div class=\"td-post-header\">\n<header class=\"td-post-title\">\n<div class=\"td-module-meta-info\"><\/div>\n<\/header>\n<\/div>\n<div class=\"td-post-content\">\n<div class=\"td-post-sharing td-post-sharing-top\">\n<div class=\"td-default-sharing\"><i class=\"td-icon-facebook\"><\/i>\u00a0<i class=\"td-icon-twitter\"><\/i> DavidNoticias.cl\u00a0<i class=\"td-icon-whatsapp\"><\/i><\/div>\n<div><\/div>\n<\/div>\n<p><em><strong>Un confuso y violento incidente con arma de fuego termin\u00f3 con un hombre detenido durante la madrugada de este martes en La Serena, luego de que personal de la Brigada de Homicidios de la PDI lograra identificar y capturar al presunto autor de un ataque armado que dej\u00f3 a un hombre de 38 a\u00f1os con lesiones leves.<\/strong><\/em><\/p>\n<p>De acuerdo con los antecedentes recabados por la PDI, el hecho se inici\u00f3 al interior de un domicilio que funcionaba como recinto de alojamiento, cuando el imputado \u2014un hombre de 42 a\u00f1os\u2014 habr\u00eda disparado en contra de uno de sus residentes. Tras el ataque, la v\u00edctima se traslad\u00f3 por sus propios medios hasta el Hospital de La Serena, donde, sorpresivamente, el agresor habr\u00eda efectuado un segundo disparo en las inmediaciones del recinto asistencial.<\/p>\n<p>El prefecto Juan Carlos Moya, jefe de la Prefectura Provincial Elqui, confirm\u00f3 que, gracias a diversas diligencias de an\u00e1lisis criminal e inteligencia policial, el sujeto fue detenido en flagrancia, siendo puesto a disposici\u00f3n del Ministerio P\u00fablico.<\/p>\n<p>Las autoridades contin\u00faan con la investigaci\u00f3n para determinar el m\u00f3vil del ataque, mientras que la v\u00edctima se recupera fuera de riesgo vital.<\/p>\n<\/div>\n","protected":false},"excerpt":{"rendered":"<p>\u00a0 DavidNoticias.cl\u00a0 Un confuso y violento incidente con arma de fuego termin\u00f3 con un hombre detenido durante la madrugada de este martes en La Serena, luego de que personal de la Brigada de Homicidios de la PDI lograra identificar y capturar al presunto autor de un ataque armado que dej\u00f3 a un hombre de 38 &hellip;<\/p>\n","protected":false},"author":2,"featured_media":8112,"comment_status":"closed","ping_status":"closed","sticky":false,"template":"","format":"standard","meta":{"footnotes":""},"categories":[2],"tags":[],"class_list":["post-8111","post","type-post","status-publish","format-standard","has-post-thumbnail","hentry","category-regionales"],"_links":{"self":[{"href":"https:\/\/www.elregional.cl\/index.php?rest_route=\/wp\/v2\/posts\/8111","targetHints":{"allow":["GET"]}}],"collection":[{"href":"https:\/\/www.elregional.cl\/index.php?rest_route=\/wp\/v2\/posts"}],"about":[{"href":"https:\/\/www.elregional.cl\/index.php?rest_route=\/wp\/v2\/types\/post"}],"author":[{"embeddable":true,"href":"https:\/\/www.elregional.cl\/index.php?rest_route=\/wp\/v2\/users\/2"}],"replies":[{"embeddable":true,"href":"https:\/\/www.elregional.cl\/index.php?rest_route=%2Fwp%2Fv2%2Fcomments&post=8111"}],"version-history":[{"count":1,"href":"https:\/\/www.elregional.cl\/index.php?rest_route=\/wp\/v2\/posts\/8111\/revisions"}],"predecessor-version":[{"id":8113,"href":"https:\/\/www.elregional.cl\/index.php?rest_route=\/wp\/v2\/posts\/8111\/revisions\/8113"}],"wp:featuredmedia":[{"embeddable":true,"href":"https:\/\/www.elregional.cl\/index.php?rest_route=\/wp\/v2\/media\/8112"}],"wp:attachment":[{"href":"https:\/\/www.elregional.cl\/index.php?rest_route=%2Fwp%2Fv2%2Fmedia&parent=8111"}],"wp:term":[{"taxonomy":"category","embeddable":true,"href":"https:\/\/www.elregional.cl\/index.php?rest_route=%2Fwp%2Fv2%2Fcategories&post=8111"},{"taxonomy":"post_tag","embeddable":true,"href":"https:\/\/www.elregional.cl\/index.php?rest_route=%2Fwp%2Fv2%2Ftags&post=8111"}],"curies":[{"name":"wp","href":"https:\/\/api.w.org\/{rel}","templated":true}]}}