{"id":8249,"date":"2025-07-28T23:44:02","date_gmt":"2025-07-28T23:44:02","guid":{"rendered":"https:\/\/www.elregional.cl\/?p=8249"},"modified":"2025-07-28T23:44:02","modified_gmt":"2025-07-28T23:44:02","slug":"meteorologo-pronostica-que-sistema-frontal-podria-llegar-hasta-el-sur-de-atacama-y-caeran-180-mm","status":"publish","type":"post","link":"https:\/\/www.elregional.cl\/?p=8249","title":{"rendered":"Meteor\u00f3logo pronostica que sistema frontal podr\u00eda llegar hasta el sur de Atacama y caer\u00e1n 180 mm"},"content":{"rendered":"<p>Con precipitaciones que podr\u00edan superar los 200 mm acumulados, se pronostica que en los pr\u00f3ximos d\u00edas azotar\u00e1 a 13 de las 16 regiones del pa\u00eds un nuevo evento clim\u00e1tico.<\/p>\n<p>Se trata de un r\u00edo atmosf\u00e9rico de categor\u00eda 4 -de un m\u00e1ximo de 5-\u00a0 que se sumar\u00e1 a la seguidilla de lluvias que ha marcado el mes de julio.<\/p>\n<p>En conversaci\u00f3n con Expreso B\u00edo B\u00edo, el meteor\u00f3logo de la Direcci\u00f3n Meteorol\u00f3gica de Chile, Arnaldo Z\u00fa\u00f1iga, explic\u00f3 que este sistema frontal viene con mucha din\u00e1mica, por ahora afectando al sur del pa\u00eds para luego subir y llegar\u00e1 a la regi\u00f3n Metropolitana entre este jueves y viernes.<\/p>\n<p>\u201cLa mayor concentraci\u00f3n de la precipitaci\u00f3n ser\u00e1 con isoterma baja\u201d, dijo.<\/p>\n<p>El mi\u00e9rcoles el sistema frontal se concentrar\u00e1 entre las regiones de Maule y B\u00edo B\u00edo, y est\u00e1n evaluando si emitir un aviso para la regi\u00f3n de Coquimbo, ya que podr\u00eda llegar hasta el sector sur de Atacama.<\/p>\n<p>El meteor\u00f3logo prev\u00e9 que se esperan unos 180 mil\u00edmetros de agua.<\/p>\n<p>\u201cEs un sistema frontal m\u00e1s t\u00edpico de los inviernos pasados\u201d, manifest\u00f3.<\/p>\n<p>En relaci\u00f3n con la RM, detall\u00f3 que se esperan precipitaciones de nieve solo para sectores precordilleranos y cordilleranos altos.<\/p>\n<p>credito Expreso Bio Bio<\/p>\n<p>&nbsp;<\/p>\n","protected":false},"excerpt":{"rendered":"<p>Con precipitaciones que podr\u00edan superar los 200 mm acumulados, se pronostica que en los pr\u00f3ximos d\u00edas azotar\u00e1 a 13 de las 16 regiones del pa\u00eds un nuevo evento clim\u00e1tico. Se trata de un r\u00edo atmosf\u00e9rico de categor\u00eda 4 -de un m\u00e1ximo de 5-\u00a0 que se sumar\u00e1 a la seguidilla de lluvias que ha marcado el &hellip;<\/p>\n","protected":false},"author":2,"featured_media":8250,"comment_status":"closed","ping_status":"closed","sticky":false,"template":"","format":"standard","meta":{"footnotes":""},"categories":[12,13,2],"tags":[],"class_list":["post-8249","post","type-post","status-publish","format-standard","has-post-thumbnail","hentry","category-calama","category-coquimbo","category-regionales"],"_links":{"self":[{"href":"https:\/\/www.elregional.cl\/index.php?rest_route=\/wp\/v2\/posts\/8249","targetHints":{"allow":["GET"]}}],"collection":[{"href":"https:\/\/www.elregional.cl\/index.php?rest_route=\/wp\/v2\/posts"}],"about":[{"href":"https:\/\/www.elregional.cl\/index.php?rest_route=\/wp\/v2\/types\/post"}],"author":[{"embeddable":true,"href":"https:\/\/www.elregional.cl\/index.php?rest_route=\/wp\/v2\/users\/2"}],"replies":[{"embeddable":true,"href":"https:\/\/www.elregional.cl\/index.php?rest_route=%2Fwp%2Fv2%2Fcomments&post=8249"}],"version-history":[{"count":1,"href":"https:\/\/www.elregional.cl\/index.php?rest_route=\/wp\/v2\/posts\/8249\/revisions"}],"predecessor-version":[{"id":8251,"href":"https:\/\/www.elregional.cl\/index.php?rest_route=\/wp\/v2\/posts\/8249\/revisions\/8251"}],"wp:featuredmedia":[{"embeddable":true,"href":"https:\/\/www.elregional.cl\/index.php?rest_route=\/wp\/v2\/media\/8250"}],"wp:attachment":[{"href":"https:\/\/www.elregional.cl\/index.php?rest_route=%2Fwp%2Fv2%2Fmedia&parent=8249"}],"wp:term":[{"taxonomy":"category","embeddable":true,"href":"https:\/\/www.elregional.cl\/index.php?rest_route=%2Fwp%2Fv2%2Fcategories&post=8249"},{"taxonomy":"post_tag","embeddable":true,"href":"https:\/\/www.elregional.cl\/index.php?rest_route=%2Fwp%2Fv2%2Ftags&post=8249"}],"curies":[{"name":"wp","href":"https:\/\/api.w.org\/{rel}","templated":true}]}}