{"id":825,"date":"2024-08-27T21:48:11","date_gmt":"2024-08-27T21:48:11","guid":{"rendered":"https:\/\/www.elregional.cl\/?p=825"},"modified":"2024-08-27T21:48:11","modified_gmt":"2024-08-27T21:48:11","slug":"carabineros-de-coquimbo-ha-incautado-mas-dos-toneladas-de-droga-en-lo-que-va-del-ano","status":"publish","type":"post","link":"https:\/\/www.elregional.cl\/?p=825","title":{"rendered":"Carabineros de Coquimbo ha incautado m\u00e1s dos toneladas de droga en lo que va del a\u00f1o."},"content":{"rendered":"<p>El trabajo contra el crimen organizado, sumado a la estrategia de fortalecimiento de las fiscalizaciones y despliegues viales de Carabineros en toda la regi\u00f3n, sigue dando s\u00f3lidos resultados.<\/p>\n<p>Esta vez, luego de un control vehicular efectuado en la Provincia del Choapa, la polic\u00eda uniformada logr\u00f3 decomisar un cargamento de m\u00e1s de 320 kilos de marihuana procesada, que iba a ser comercializada en la zona centro sur del pa\u00eds.<\/p>\n<p>Un nuevo golpe al narcotr\u00e1fico que el Delegado Presidencial Regional, Galo Luna Penna, en menos de dos meses, alcanzando ya las dos toneladas decomisadas.\u00a0<strong>\u201cEl narcotr\u00e1fico, con el tr\u00e1fico de drogas y el narcocultivo lo estamos abordado con la perspectiva del crimen organizado. Aqu\u00ed hubo un trabajo inteligente de la instituci\u00f3n, en colaboraci\u00f3n con el Ministerio P\u00fablico, que hoy d\u00eda nos permite sacar de circulaci\u00f3n una cantidad importante de drogas y vamos a seguir dando esta batalla\u201d<\/strong>, indic\u00f3 la autoridad.<\/p>\n<p>El control fue desarrollado por el personal de la Tenencia de Carreteras de Choapa, detectando un veh\u00edculo, que adem\u00e1s estaba encargado por robo, quedando detenido el conductor: una persona de 36 a\u00f1os que pas\u00f3 a control de detenci\u00f3n.<\/p>\n<p>El General Juan Mu\u00f1oz, Jefe de la Zona de\u00a0<a title=\"\" href=\"https:\/\/www.carabineros.cl\/\" target=\"_blank\" rel=\"noopener nofollow\">Carabineros<\/a>\u00a0Coquimbo, sostuvo que\u00a0<strong>\u201cesto es una se\u00f1al potente a la comunidad de nuestro compromiso diario por contribuir a la erradicaci\u00f3n de la droga en todo el pa\u00eds, especialmente, considerando que estamos ad portas de Fiestas Patrias\u201d.<\/strong><\/p>\n<p>La autoridad policial adem\u00e1s destac\u00f3 que\u00a0<strong>\u201cestamos haciendo historia en el combate contra el narcotr\u00e1fico en la Regi\u00f3n de Coquimbo, con dos multimillonarios decomisos de droga en solo un mes\u201d<\/strong>. El \u00faltimo de ellos fue efectuado en Los Vilos, donde se incaut\u00f3 500 kilos de drogas, entre marihuana, coca\u00edna y pasta base.<\/p>\n","protected":false},"excerpt":{"rendered":"<p>El trabajo contra el crimen organizado, sumado a la estrategia de fortalecimiento de las fiscalizaciones y despliegues viales de Carabineros en toda la regi\u00f3n, sigue dando s\u00f3lidos resultados. Esta vez, luego de un control vehicular efectuado en la Provincia del Choapa, la polic\u00eda uniformada logr\u00f3 decomisar un cargamento de m\u00e1s de 320 kilos de marihuana &hellip;<\/p>\n","protected":false},"author":2,"featured_media":0,"comment_status":"closed","ping_status":"closed","sticky":false,"template":"","format":"standard","meta":{"footnotes":""},"categories":[2],"tags":[],"class_list":["post-825","post","type-post","status-publish","format-standard","hentry","category-regionales"],"_links":{"self":[{"href":"https:\/\/www.elregional.cl\/index.php?rest_route=\/wp\/v2\/posts\/825","targetHints":{"allow":["GET"]}}],"collection":[{"href":"https:\/\/www.elregional.cl\/index.php?rest_route=\/wp\/v2\/posts"}],"about":[{"href":"https:\/\/www.elregional.cl\/index.php?rest_route=\/wp\/v2\/types\/post"}],"author":[{"embeddable":true,"href":"https:\/\/www.elregional.cl\/index.php?rest_route=\/wp\/v2\/users\/2"}],"replies":[{"embeddable":true,"href":"https:\/\/www.elregional.cl\/index.php?rest_route=%2Fwp%2Fv2%2Fcomments&post=825"}],"version-history":[{"count":1,"href":"https:\/\/www.elregional.cl\/index.php?rest_route=\/wp\/v2\/posts\/825\/revisions"}],"predecessor-version":[{"id":827,"href":"https:\/\/www.elregional.cl\/index.php?rest_route=\/wp\/v2\/posts\/825\/revisions\/827"}],"wp:attachment":[{"href":"https:\/\/www.elregional.cl\/index.php?rest_route=%2Fwp%2Fv2%2Fmedia&parent=825"}],"wp:term":[{"taxonomy":"category","embeddable":true,"href":"https:\/\/www.elregional.cl\/index.php?rest_route=%2Fwp%2Fv2%2Fcategories&post=825"},{"taxonomy":"post_tag","embeddable":true,"href":"https:\/\/www.elregional.cl\/index.php?rest_route=%2Fwp%2Fv2%2Ftags&post=825"}],"curies":[{"name":"wp","href":"https:\/\/api.w.org\/{rel}","templated":true}]}}