{"id":8258,"date":"2025-07-29T04:11:14","date_gmt":"2025-07-29T04:11:14","guid":{"rendered":"https:\/\/www.elregional.cl\/?p=8258"},"modified":"2025-07-29T04:12:32","modified_gmt":"2025-07-29T04:12:32","slug":"argentina-inicia-camino-para-ingresar-a-ee-uu-sin-visa","status":"publish","type":"post","link":"https:\/\/www.elregional.cl\/?p=8258","title":{"rendered":"Argentina inicia camino para ingresar a EE.UU. sin visa"},"content":{"rendered":"<div class=\"et_pb_module et_pb_post_title et_pb_post_title_0_tb_body et_pb_bg_layout_light et_pb_text_align_left\">\n<div class=\"et_pb_title_container\">\n<h1 class=\"entry-title\"><\/h1>\n<\/div>\n<\/div>\n<div class=\"et_pb_module et_pb_text et_pb_text_1_tb_body et_pb_text_align_left et_pb_bg_layout_light\">\n<div class=\"et_pb_text_inner\">Madero.cl<\/div>\n<div class=\"et_pb_text_inner\">Gobierno firm\u00f3 una declaraci\u00f3n de intenci\u00f3n con EE.UU. para sumarse al Programa de Exenci\u00f3n de Visados y facilitar viajes por turismo o negocios.<\/div>\n<\/div>\n<div class=\"et_pb_module et_pb_image et_pb_image_0_tb_body\"><\/div>\n<div class=\"et_pb_module et_pb_post_content et_pb_post_content_0_tb_body\">\n<p>Argentina dio un paso clave en su objetivo de permitir que sus ciudadanos puedan ingresar a Estados Unidos sin visa. El presidente Javier Milei firm\u00f3 una declaraci\u00f3n de intenci\u00f3n con autoridades estadounidenses que marca el inicio del proceso de incorporaci\u00f3n al Visa Waiver Program, un sistema que permite viajar por turismo o negocios sin necesidad de gestionar un visado tradicional.<\/p>\n<p>El anuncio se concret\u00f3 en Buenos Aires tras una reuni\u00f3n entre Milei y la secretaria de Seguridad Nacional de EE.UU., Kristi Noem. Seg\u00fan el comunicado oficial, el acuerdo contempla que Argentina cumpla exigentes est\u00e1ndares internacionales en seguridad y control migratorio, requisitos indispensables para avanzar hacia la exenci\u00f3n de visado.<\/p>\n<p>Actualmente, solo Chile integra este programa en Sudam\u00e9rica. De concretarse la inclusi\u00f3n argentina, los viajeros deber\u00e1n gestionar una autorizaci\u00f3n electr\u00f3nica llamada ESTA, con un costo accesible y requisitos simples, como pasaporte electr\u00f3nico y datos biom\u00e9tricos.<\/p>\n<p>Desde Washington, el Departamento de Seguridad Nacional confirm\u00f3 su disposici\u00f3n a colaborar en este proceso. Mientras tanto, autoridades argentinas celebraron el inicio de esta gesti\u00f3n que promete m\u00e1s libertad de viaje sin visa y una mayor integraci\u00f3n bilateral con Estados Unidos.<\/p>\n<\/div>\n","protected":false},"excerpt":{"rendered":"<p>Madero.cl Gobierno firm\u00f3 una declaraci\u00f3n de intenci\u00f3n con EE.UU. para sumarse al Programa de Exenci\u00f3n de Visados y facilitar viajes por turismo o negocios. Argentina dio un paso clave en su objetivo de permitir que sus ciudadanos puedan ingresar a Estados Unidos sin visa. El presidente Javier Milei firm\u00f3 una declaraci\u00f3n de intenci\u00f3n con autoridades &hellip;<\/p>\n","protected":false},"author":2,"featured_media":8260,"comment_status":"closed","ping_status":"closed","sticky":false,"template":"","format":"standard","meta":{"footnotes":""},"categories":[4],"tags":[],"class_list":["post-8258","post","type-post","status-publish","format-standard","has-post-thumbnail","hentry","category-mundo"],"_links":{"self":[{"href":"https:\/\/www.elregional.cl\/index.php?rest_route=\/wp\/v2\/posts\/8258","targetHints":{"allow":["GET"]}}],"collection":[{"href":"https:\/\/www.elregional.cl\/index.php?rest_route=\/wp\/v2\/posts"}],"about":[{"href":"https:\/\/www.elregional.cl\/index.php?rest_route=\/wp\/v2\/types\/post"}],"author":[{"embeddable":true,"href":"https:\/\/www.elregional.cl\/index.php?rest_route=\/wp\/v2\/users\/2"}],"replies":[{"embeddable":true,"href":"https:\/\/www.elregional.cl\/index.php?rest_route=%2Fwp%2Fv2%2Fcomments&post=8258"}],"version-history":[{"count":1,"href":"https:\/\/www.elregional.cl\/index.php?rest_route=\/wp\/v2\/posts\/8258\/revisions"}],"predecessor-version":[{"id":8259,"href":"https:\/\/www.elregional.cl\/index.php?rest_route=\/wp\/v2\/posts\/8258\/revisions\/8259"}],"wp:featuredmedia":[{"embeddable":true,"href":"https:\/\/www.elregional.cl\/index.php?rest_route=\/wp\/v2\/media\/8260"}],"wp:attachment":[{"href":"https:\/\/www.elregional.cl\/index.php?rest_route=%2Fwp%2Fv2%2Fmedia&parent=8258"}],"wp:term":[{"taxonomy":"category","embeddable":true,"href":"https:\/\/www.elregional.cl\/index.php?rest_route=%2Fwp%2Fv2%2Fcategories&post=8258"},{"taxonomy":"post_tag","embeddable":true,"href":"https:\/\/www.elregional.cl\/index.php?rest_route=%2Fwp%2Fv2%2Ftags&post=8258"}],"curies":[{"name":"wp","href":"https:\/\/api.w.org\/{rel}","templated":true}]}}