{"id":8295,"date":"2025-07-30T07:24:19","date_gmt":"2025-07-30T07:24:19","guid":{"rendered":"https:\/\/www.elregional.cl\/?p=8295"},"modified":"2025-07-30T07:24:19","modified_gmt":"2025-07-30T07:24:19","slug":"alerta-por-tsunami-directora-de-senapred-detalla-medidas-ante-posible-impacto-en-costas-chilenas","status":"publish","type":"post","link":"https:\/\/www.elregional.cl\/?p=8295","title":{"rendered":"Alerta por tsunami: directora de Senapred detalla medidas ante posible impacto en costas chilenas"},"content":{"rendered":"<div class=\"et_pb_module et_pb_post_title et_pb_post_title_0_tb_body et_pb_bg_layout_light  et_pb_text_align_left\">\n<div class=\"et_pb_title_container\">\n<h1 class=\"entry-title\"><\/h1>\n<\/div>\n<\/div>\n<div class=\"et_pb_module et_pb_text et_pb_text_1_tb_body  et_pb_text_align_left et_pb_bg_layout_light\">\n<div class=\"et_pb_text_inner\">Alicia Cebri\u00e1n llam\u00f3 a evacuar zonas bajo alerta por posible tsunami y explic\u00f3 diferencias entre estados de alerta y precauci\u00f3n tras terremoto 8.8 en Rusia.<\/div>\n<\/div>\n<div class=\"et_pb_module et_pb_image et_pb_image_0_tb_body\"><\/div>\n<div class=\"et_pb_module et_pb_post_content et_pb_post_content_0_tb_body\">\n<p data-start=\"280\" data-end=\"705\">La alerta por tsunami activada en Chile tras el terremoto 8.8 registrado en Rusia fue el foco del punto de prensa encabezado este mi\u00e9rcoles por la directora nacional de Senapred, Alicia Cebri\u00e1n. La autoridad confirm\u00f3 que las regiones de Atacama, Coquimbo y Valpara\u00edso est\u00e1n bajo \u201cAlerta\u201d y deben evacuar zonas costeras bajas, mientras que el resto del borde costero nacional se mantiene en \u201cEstado de Precauci\u00f3n\u201d.<\/p>\n<p data-start=\"707\" data-end=\"1068\">Durante su intervenci\u00f3n, Cebri\u00e1n explic\u00f3 que la alerta por tsunami implica riesgo de inundaci\u00f3n costera por olas potencialmente destructivas, lo que justifica la evacuaci\u00f3n inmediata. En cambio, el estado de precauci\u00f3n corresponde a un tsunami menor, con fuerte oleaje y corrientes, donde se solicita evitar playas, caletas y zonas portuarias hasta nuevo aviso.<\/p>\n<p data-start=\"1070\" data-end=\"1478\">Senapred indic\u00f3 que el tren de olas comenzar\u00eda a llegar a las costas chilenas desde las 15:00 horas, iniciando por Mejillones en la regi\u00f3n de Antofagasta. En Huasco (Atacama) el arribo se estima a las 15:27 y en Coquimbo a las 15:34. Valpara\u00edso, tambi\u00e9n bajo alerta, podr\u00eda registrar impacto a las 15:50. La primera ola no necesariamente ser\u00e1 la m\u00e1s intensa, por lo que el monitoreo continuar\u00e1 durante horas.<\/p>\n<p data-start=\"1480\" data-end=\"1845\" data-is-last-node=\"\" data-is-only-node=\"\">La directora de Senapred llam\u00f3 a informarse por medios oficiales y seguir las instrucciones de las autoridades locales. \u201cNo se debe subestimar una alerta por tsunami. Lo m\u00e1s importante es proteger la vida y mantener la calma durante el proceso de evacuaci\u00f3n\u201d, enfatiz\u00f3 Cebri\u00e1n, asegurando que los comit\u00e9s regionales de emergencia se mantienen activos y coordinados.<\/p>\n<p data-start=\"1480\" data-end=\"1845\" data-is-last-node=\"\" data-is-only-node=\"\">Madero.cl<\/p>\n<\/div>\n","protected":false},"excerpt":{"rendered":"<p>Alicia Cebri\u00e1n llam\u00f3 a evacuar zonas bajo alerta por posible tsunami y explic\u00f3 diferencias entre estados de alerta y precauci\u00f3n tras terremoto 8.8 en Rusia. La alerta por tsunami activada en Chile tras el terremoto 8.8 registrado en Rusia fue el foco del punto de prensa encabezado este mi\u00e9rcoles por la directora nacional de Senapred, &hellip;<\/p>\n","protected":false},"author":2,"featured_media":8296,"comment_status":"closed","ping_status":"closed","sticky":false,"template":"","format":"standard","meta":{"footnotes":""},"categories":[2],"tags":[],"class_list":["post-8295","post","type-post","status-publish","format-standard","has-post-thumbnail","hentry","category-regionales"],"_links":{"self":[{"href":"https:\/\/www.elregional.cl\/index.php?rest_route=\/wp\/v2\/posts\/8295","targetHints":{"allow":["GET"]}}],"collection":[{"href":"https:\/\/www.elregional.cl\/index.php?rest_route=\/wp\/v2\/posts"}],"about":[{"href":"https:\/\/www.elregional.cl\/index.php?rest_route=\/wp\/v2\/types\/post"}],"author":[{"embeddable":true,"href":"https:\/\/www.elregional.cl\/index.php?rest_route=\/wp\/v2\/users\/2"}],"replies":[{"embeddable":true,"href":"https:\/\/www.elregional.cl\/index.php?rest_route=%2Fwp%2Fv2%2Fcomments&post=8295"}],"version-history":[{"count":1,"href":"https:\/\/www.elregional.cl\/index.php?rest_route=\/wp\/v2\/posts\/8295\/revisions"}],"predecessor-version":[{"id":8297,"href":"https:\/\/www.elregional.cl\/index.php?rest_route=\/wp\/v2\/posts\/8295\/revisions\/8297"}],"wp:featuredmedia":[{"embeddable":true,"href":"https:\/\/www.elregional.cl\/index.php?rest_route=\/wp\/v2\/media\/8296"}],"wp:attachment":[{"href":"https:\/\/www.elregional.cl\/index.php?rest_route=%2Fwp%2Fv2%2Fmedia&parent=8295"}],"wp:term":[{"taxonomy":"category","embeddable":true,"href":"https:\/\/www.elregional.cl\/index.php?rest_route=%2Fwp%2Fv2%2Fcategories&post=8295"},{"taxonomy":"post_tag","embeddable":true,"href":"https:\/\/www.elregional.cl\/index.php?rest_route=%2Fwp%2Fv2%2Ftags&post=8295"}],"curies":[{"name":"wp","href":"https:\/\/api.w.org\/{rel}","templated":true}]}}