{"id":8323,"date":"2025-08-03T11:26:00","date_gmt":"2025-08-03T11:26:00","guid":{"rendered":"https:\/\/www.elregional.cl\/?p=8323"},"modified":"2025-08-03T11:26:00","modified_gmt":"2025-08-03T11:26:00","slug":"aguas-del-valle-levanta-alerta-amarilla-por-disminucion-de-la-turbiedad-de-los-rios-de-la-region","status":"publish","type":"post","link":"https:\/\/www.elregional.cl\/?p=8323","title":{"rendered":"Aguas del Valle levanta alerta amarilla por disminuci\u00f3n de la turbiedad de los r\u00edos de la regi\u00f3n"},"content":{"rendered":"<div class=\"td_block_wrap tdb_title tdi_13 tdb-single-title td-pb-border-top td_block_template_1\" data-td-block-uid=\"tdi_13\">\n<div class=\"tdb-block-inner td-fix-index\">\n<h1 class=\"tdb-title-text\"><\/h1>\n<\/div>\n<\/div>\n<div class=\"td_block_wrap tdb_single_content tdi_22 td-pb-border-top td_block_template_1 td-post-content tagdiv-type\" data-td-block-uid=\"tdi_22\">\n<div class=\"tdb-block-inner td-fix-index\">\n<p><strong>Serenaonline.cl <\/strong><\/p>\n<p><strong>sanitaria inform\u00f3 que la distribuci\u00f3n de agua potable se mantuvo con normalidad gracias a los sistemas de respaldo y maniobras operacionales adoptadas.<\/strong><\/p>\n<p><span id=\"more-196743\"><\/span>El gerente regional de\u00a0<a title=\"Aguas del Valle\" href=\"https:\/\/www.aguasdelvalle.cl\/personas\/inicio\" target=\"_blank\" rel=\"noopener\">Aguas del Valle<\/a>, Andr\u00e9s Nazer, inform\u00f3 que la sanitaria levant\u00f3 su estado de Alerta Amarilla para las comunas de La Serena, Coquimbo, Illapel y la localidad de Sotaqu\u00ed, por la disminuci\u00f3n de la turbiedad en los r\u00edos de la regi\u00f3n.<\/p>\n<p><strong>\u201cDurante este s\u00e1bado, nuestras plantas de producci\u00f3n retomaron sus operaciones normales, luego de paralizar debido a los altos \u00edndices de turbiedad que alcanzaron en sus caudales, a causa de las fuertes precipitaciones y la bajada de las quebradas\u201d<\/strong>, se\u00f1al\u00f3 el ejecutivo.<\/p>\n<p>Nazer indic\u00f3, adem\u00e1s, que \u201cgracias a nuestros sistemas de respaldo y a las maniobras operacionales que realizamos, la distribuci\u00f3n de agua potable se mantuvo con normalidad en todo momento\u201d.<\/p>\n<\/div>\n<\/div>\n","protected":false},"excerpt":{"rendered":"<p>Serenaonline.cl sanitaria inform\u00f3 que la distribuci\u00f3n de agua potable se mantuvo con normalidad gracias a los sistemas de respaldo y maniobras operacionales adoptadas. El gerente regional de\u00a0Aguas del Valle, Andr\u00e9s Nazer, inform\u00f3 que la sanitaria levant\u00f3 su estado de Alerta Amarilla para las comunas de La Serena, Coquimbo, Illapel y la localidad de Sotaqu\u00ed, por &hellip;<\/p>\n","protected":false},"author":2,"featured_media":8324,"comment_status":"closed","ping_status":"closed","sticky":false,"template":"","format":"standard","meta":{"footnotes":""},"categories":[2],"tags":[],"class_list":["post-8323","post","type-post","status-publish","format-standard","has-post-thumbnail","hentry","category-regionales"],"_links":{"self":[{"href":"https:\/\/www.elregional.cl\/index.php?rest_route=\/wp\/v2\/posts\/8323","targetHints":{"allow":["GET"]}}],"collection":[{"href":"https:\/\/www.elregional.cl\/index.php?rest_route=\/wp\/v2\/posts"}],"about":[{"href":"https:\/\/www.elregional.cl\/index.php?rest_route=\/wp\/v2\/types\/post"}],"author":[{"embeddable":true,"href":"https:\/\/www.elregional.cl\/index.php?rest_route=\/wp\/v2\/users\/2"}],"replies":[{"embeddable":true,"href":"https:\/\/www.elregional.cl\/index.php?rest_route=%2Fwp%2Fv2%2Fcomments&post=8323"}],"version-history":[{"count":1,"href":"https:\/\/www.elregional.cl\/index.php?rest_route=\/wp\/v2\/posts\/8323\/revisions"}],"predecessor-version":[{"id":8325,"href":"https:\/\/www.elregional.cl\/index.php?rest_route=\/wp\/v2\/posts\/8323\/revisions\/8325"}],"wp:featuredmedia":[{"embeddable":true,"href":"https:\/\/www.elregional.cl\/index.php?rest_route=\/wp\/v2\/media\/8324"}],"wp:attachment":[{"href":"https:\/\/www.elregional.cl\/index.php?rest_route=%2Fwp%2Fv2%2Fmedia&parent=8323"}],"wp:term":[{"taxonomy":"category","embeddable":true,"href":"https:\/\/www.elregional.cl\/index.php?rest_route=%2Fwp%2Fv2%2Fcategories&post=8323"},{"taxonomy":"post_tag","embeddable":true,"href":"https:\/\/www.elregional.cl\/index.php?rest_route=%2Fwp%2Fv2%2Ftags&post=8323"}],"curies":[{"name":"wp","href":"https:\/\/api.w.org\/{rel}","templated":true}]}}