{"id":835,"date":"2024-08-28T00:07:36","date_gmt":"2024-08-28T00:07:36","guid":{"rendered":"https:\/\/www.elregional.cl\/?p=835"},"modified":"2024-08-28T00:07:36","modified_gmt":"2024-08-28T00:07:36","slug":"peru-importa-777-600-plantas-de-arandano-desde-chile","status":"publish","type":"post","link":"https:\/\/www.elregional.cl\/?p=835","title":{"rendered":"Per\u00fa importa 777.600 plantas de Ar\u00e1ndano desde Chile."},"content":{"rendered":"<p>A trav\u00e9s del Diario Oficial del Per\u00fa se dio cuenta de la autorizaci\u00f3n para la importaci\u00f3n de 777.600\u00a0<strong>plantas de ar\u00e1ndano<\/strong>\u00a0desde\u00a0<strong>Chile<\/strong>, las que ser\u00e1n ingresadas al territorio peruano por medio del\u00a0<strong>Complejo Fronterizo Santa Rosa-Chacalluta<\/strong>, el que une Tacna y Arica.<\/p>\n<p>Las\u00a0<strong>Vaccinium corymbosum<\/strong>\u00a0ser\u00e1n enviadas en septiembre de 2024. El traslado y manejo de las mismas ser\u00e1 responsabilidad de la empresa\u00a0<strong>Inversiones San Juan de la Luz<\/strong>.<\/p>\n<p><img loading=\"lazy\" decoding=\"async\" class=\"alignnone size-medium wp-image-836\" src=\"https:\/\/www.elregional.cl\/wp-content\/uploads\/2024\/08\/Estimacion-de-exportaciones-de-arandanos-chilenos-a-la-baja-300x213.jpg\" alt=\"\" width=\"300\" height=\"213\" \/><\/p>\n<p>En l\u00ednea con lo sostenido en la resoluci\u00f3n directoral del\u00a0<strong>Ministerio de Desarrollo Agrario y Riego (Midagri) del Per\u00fa<\/strong>, las plantas de ar\u00e1ndano deber\u00e1n ser importadas en las mismas condiciones que fueron certificadas por el\u00a0<strong>Servicio Agr\u00edcola y Ganadero (SAG)<\/strong>.<\/p>\n<p>Lo anterior \u201csin evidencia de que los sellos y otras medidas de seguridad hayan sido violentadas o adulteradas; caso contrario, el ingreso del env\u00edo al pa\u00eds no ser\u00e1 autorizado\u201d, puntualiz\u00f3 el dictamen.<\/p>\n<p>Se estipul\u00f3 que \u201clos envases deber\u00e1n estar acondicionados de tal forma que se facilite la inspecci\u00f3n fitosanitaria en el punto de ingreso a la Rep\u00fablica del Per\u00fa. Las plantas de ar\u00e1ndano deber\u00e1n ser transportadas en veh\u00edculos limpios, refrigerados, cerrados y precintados\u201d, acot\u00f3 la resoluci\u00f3n.<\/p>\n<p>Despu\u00e9s que las plantas de ar\u00e1ndano hayan sido inspeccionadas y se haya obtenido las muestras para el diagn\u00f3stico fitosanitario de verificaci\u00f3n en el punto de ingreso al Per\u00fa, la carga ser\u00e1 movilizada hasta el distrito de Humay, provincia de Pisco, departamento de Ica.<\/p>\n<p>Finalmente, cabe mencionar que este proceso incluye una cuarentena posentrada, supervisada por inspectores del\u00a0<strong>Servicio Nacional de Sanidad Agraria del Per\u00fa (Senasa)<\/strong>, a modo de garantizar que las plantas est\u00e9n libres de plagas o enfermedades antes de integrarse al ecosistema local.<\/p>\n","protected":false},"excerpt":{"rendered":"<p>A trav\u00e9s del Diario Oficial del Per\u00fa se dio cuenta de la autorizaci\u00f3n para la importaci\u00f3n de 777.600\u00a0plantas de ar\u00e1ndano\u00a0desde\u00a0Chile, las que ser\u00e1n ingresadas al territorio peruano por medio del\u00a0Complejo Fronterizo Santa Rosa-Chacalluta, el que une Tacna y Arica. Las\u00a0Vaccinium corymbosum\u00a0ser\u00e1n enviadas en septiembre de 2024. El traslado y manejo de las mismas ser\u00e1 responsabilidad &hellip;<\/p>\n","protected":false},"author":2,"featured_media":0,"comment_status":"closed","ping_status":"closed","sticky":false,"template":"","format":"standard","meta":{"footnotes":""},"categories":[3],"tags":[],"class_list":["post-835","post","type-post","status-publish","format-standard","hentry","category-pais"],"_links":{"self":[{"href":"https:\/\/www.elregional.cl\/index.php?rest_route=\/wp\/v2\/posts\/835","targetHints":{"allow":["GET"]}}],"collection":[{"href":"https:\/\/www.elregional.cl\/index.php?rest_route=\/wp\/v2\/posts"}],"about":[{"href":"https:\/\/www.elregional.cl\/index.php?rest_route=\/wp\/v2\/types\/post"}],"author":[{"embeddable":true,"href":"https:\/\/www.elregional.cl\/index.php?rest_route=\/wp\/v2\/users\/2"}],"replies":[{"embeddable":true,"href":"https:\/\/www.elregional.cl\/index.php?rest_route=%2Fwp%2Fv2%2Fcomments&post=835"}],"version-history":[{"count":1,"href":"https:\/\/www.elregional.cl\/index.php?rest_route=\/wp\/v2\/posts\/835\/revisions"}],"predecessor-version":[{"id":838,"href":"https:\/\/www.elregional.cl\/index.php?rest_route=\/wp\/v2\/posts\/835\/revisions\/838"}],"wp:attachment":[{"href":"https:\/\/www.elregional.cl\/index.php?rest_route=%2Fwp%2Fv2%2Fmedia&parent=835"}],"wp:term":[{"taxonomy":"category","embeddable":true,"href":"https:\/\/www.elregional.cl\/index.php?rest_route=%2Fwp%2Fv2%2Fcategories&post=835"},{"taxonomy":"post_tag","embeddable":true,"href":"https:\/\/www.elregional.cl\/index.php?rest_route=%2Fwp%2Fv2%2Ftags&post=835"}],"curies":[{"name":"wp","href":"https:\/\/api.w.org\/{rel}","templated":true}]}}