{"id":8368,"date":"2025-08-03T14:43:29","date_gmt":"2025-08-03T14:43:29","guid":{"rendered":"https:\/\/www.elregional.cl\/?p=8368"},"modified":"2025-08-03T14:43:29","modified_gmt":"2025-08-03T14:43:29","slug":"manuel-garcia-arquero-de-san-luis-de-quillota-deja-el-futbol-por-compleja-enfermedad","status":"publish","type":"post","link":"https:\/\/www.elregional.cl\/?p=8368","title":{"rendered":"Manuel Garc\u00eda, arquero de San Luis de Quillota, deja el f\u00fatbol por compleja enfermedad"},"content":{"rendered":"<div class=\"div_titulo\">\n<h1 id=\"ucDetalle_TituloNoticia\"><\/h1>\n<\/div>\n<div class=\"div_h2\">\n<h5 id=\"ucDetalle_BajadaNoticia\">Emol.cl<\/h5>\n<h5>El club de Quillota hizo el anuncio.<\/h5>\n<\/div>\n<div id=\"ucDetalle_CuerpoNoticia\" class=\"cuerpo_noticia cuerpo_noti_height_full\">\n<div><b>San Luis de Quillota vive un momento muy complejo<\/b>. Este s\u00e1bado, el club de la Primera B\u00a0<b>inform\u00f3 que\u00b4su portero argentino Manuel Garc\u00eda tendr\u00e1 que dejar el f\u00fatbol profesional debido a una compleja enfermedad.<\/b><\/div>\n<div><\/div>\n<div>Mediante un comunicado, el elenco \u00abcanario\u00bb lament\u00f3 la situaci\u00f3n que est\u00e1 viviendo Garc\u00eda y\u00a0<b>confirm\u00f3 que se mantendr\u00e1 en el plantel que conduce Juan Jos\u00e9 Luvera hasta el t\u00e9rmino de su contrato.<\/b><\/div>\n<div><\/div>\n<div><\/div>\n<div>\u00ab<b>El jugador Manuel Garc\u00eda fue diagnosticado con una enfermedad neuromuscular degenerativa la cual lo alejar\u00e1 de las canchas de manera permanente<\/b>\u00ab, indic\u00f3 San Luis en sus redes sociales.<\/div>\n<div><\/div>\n<div>Garc\u00eda fue formado en\u00a0<b>Rosario Central de Argentina<\/b>\u00a0y en Chile tuvo pasos por\u00a0<b>Universidad de Concepci\u00f3n, Antofagasta, Recoleta y Santa Cruz.<\/b><\/div>\n<div><\/div>\n<div>El cuadro quillotano asegur\u00f3 que el arquero \u00ab<b>seguir\u00e1 siendo parte del plantel hasta finalizar su contrato y adem\u00e1s el club encabezado por su presidente C\u00e9sar Villegas le brindar\u00e1 todo el apoyo m\u00e9dico y log\u00edstico para su tratamiento m\u00e9dico<\/b>\u00ab.<\/div>\n<div><\/div>\n<div>\u00ab<b>Te seguiremos acompa\u00f1ando y dando todo el apoyo en lo que sea necesario<\/b>\u00ab, cerraron los \u00abcanarios\u00bb, que le realizaron un homenaje antes del partido que jugaron este s\u00e1bado ante la U. de Concepci\u00f3n en el estadio Lucio Fari\u00f1a de Quillota.<\/div>\n<\/div>\n","protected":false},"excerpt":{"rendered":"<p>Emol.cl El club de Quillota hizo el anuncio. San Luis de Quillota vive un momento muy complejo. Este s\u00e1bado, el club de la Primera B\u00a0inform\u00f3 que\u00b4su portero argentino Manuel Garc\u00eda tendr\u00e1 que dejar el f\u00fatbol profesional debido a una compleja enfermedad. Mediante un comunicado, el elenco \u00abcanario\u00bb lament\u00f3 la situaci\u00f3n que est\u00e1 viviendo Garc\u00eda y\u00a0confirm\u00f3 &hellip;<\/p>\n","protected":false},"author":2,"featured_media":8369,"comment_status":"closed","ping_status":"closed","sticky":false,"template":"","format":"standard","meta":{"footnotes":""},"categories":[5],"tags":[],"class_list":["post-8368","post","type-post","status-publish","format-standard","has-post-thumbnail","hentry","category-deportes"],"_links":{"self":[{"href":"https:\/\/www.elregional.cl\/index.php?rest_route=\/wp\/v2\/posts\/8368","targetHints":{"allow":["GET"]}}],"collection":[{"href":"https:\/\/www.elregional.cl\/index.php?rest_route=\/wp\/v2\/posts"}],"about":[{"href":"https:\/\/www.elregional.cl\/index.php?rest_route=\/wp\/v2\/types\/post"}],"author":[{"embeddable":true,"href":"https:\/\/www.elregional.cl\/index.php?rest_route=\/wp\/v2\/users\/2"}],"replies":[{"embeddable":true,"href":"https:\/\/www.elregional.cl\/index.php?rest_route=%2Fwp%2Fv2%2Fcomments&post=8368"}],"version-history":[{"count":1,"href":"https:\/\/www.elregional.cl\/index.php?rest_route=\/wp\/v2\/posts\/8368\/revisions"}],"predecessor-version":[{"id":8370,"href":"https:\/\/www.elregional.cl\/index.php?rest_route=\/wp\/v2\/posts\/8368\/revisions\/8370"}],"wp:featuredmedia":[{"embeddable":true,"href":"https:\/\/www.elregional.cl\/index.php?rest_route=\/wp\/v2\/media\/8369"}],"wp:attachment":[{"href":"https:\/\/www.elregional.cl\/index.php?rest_route=%2Fwp%2Fv2%2Fmedia&parent=8368"}],"wp:term":[{"taxonomy":"category","embeddable":true,"href":"https:\/\/www.elregional.cl\/index.php?rest_route=%2Fwp%2Fv2%2Fcategories&post=8368"},{"taxonomy":"post_tag","embeddable":true,"href":"https:\/\/www.elregional.cl\/index.php?rest_route=%2Fwp%2Fv2%2Ftags&post=8368"}],"curies":[{"name":"wp","href":"https:\/\/api.w.org\/{rel}","templated":true}]}}