{"id":841,"date":"2024-08-28T02:47:21","date_gmt":"2024-08-28T02:47:21","guid":{"rendered":"https:\/\/www.elregional.cl\/?p=841"},"modified":"2024-08-28T02:47:21","modified_gmt":"2024-08-28T02:47:21","slug":"fallecio-jugador-que-se-desplomo-en-la-libertadores","status":"publish","type":"post","link":"https:\/\/www.elregional.cl\/?p=841","title":{"rendered":"Falleci\u00f3 jugador que se desplom\u00f3 en la Libertadores."},"content":{"rendered":"<div>Una tragedia enluta al f\u00fatbol. Juan Izquierdo, jugador de Nacional que el pasado jueves se desplom\u00f3 en el partido de Libertadores contra Sao Paulo,\u00a0<b>falleci\u00f3 este martes.<\/b><\/div>\n<div><\/div>\n<div>El club uruguayo confirm\u00f3 la noticia en redes sociales. \u00abCon el m\u00e1s profundo dolor e impacto en nuestros corazones, e<b>l Club Nacional de Football comunica el fallecimiento de nuestro querido jugador Juan Izquierdo<\/b>\u00ab, expres\u00f3 el \u00abBolso\u00bb.<\/div>\n<div><\/div>\n<div>\n<div id=\"contRelacionadas_1140869-1140790\">\n<div class=\"flo_left cont_items_detalle_50\">\n<div class=\"flo_left bor_cont_img_mas_vistas cont_sec_emol sec_mas_vistas_emol\">\n<div class=\"flo_left cont_descrip_noticia\">\n<article id=\"contNotRel_1140869\" class=\"flo_left cont_nota_relacionada\">\n<div class=\"flo_left cont_descrip_noticia\">\n<h2><\/h2>\n<\/div>\n<\/article>\n<article id=\"contNotRel_1140790\" class=\"flo_left cont_nota_relacionada\">\n<div class=\"flo_left content_img_noticia\"><a href=\"https:\/\/www.emol.com\/noticias\/Deportes\/2024\/08\/26\/1140790\/juan-izquierdo-nacional-paro-libertadores.html\"><img decoding=\"async\" src=\"https:\/\/static.emol.cl\/emol50\/Fotos\/2024\/08\/26\/file_20240826114526_0lx0.jpg\" alt=\"&quot;Se debate entre la vida y la muerte&quot;: Lo que se sabe y el drama de Juan Izquierdo, jugador que sufri\u00f3 un paro card\u00edaco en la Libertadores\" \/><\/a><\/div>\n<div class=\"flo_left cont_descrip_noticia\">\n<h2><\/h2>\n<\/div>\n<\/article>\n<\/div>\n<\/div>\n<\/div>\n<\/div>\n<\/div>\n<div><\/div>\n<div>\u00abExpresamos nuestras m\u00e1s sinceras condolencias a su familia, amigos, colegas y allegados. Todo Nacional est\u00e1 de luto por su p\u00e9rdida irreparable. Q.E.P.D.\u00a0<b>Juan, estar\u00e1s para siempre con nosotros<\/b>\u00ab, agreg\u00f3.<\/div>\n<div><\/div>\n<div>El defensor ten\u00eda 27 a\u00f1os. Cuando el duelo con Sao Paulo estaba por terminar, se desvaneci\u00f3 en la mitad de la cancha. Compa\u00f1eros y rivales de inmediato se dieron cuenta de que algo grave ocurr\u00eda. Entraron los m\u00e9dicos al terreno de juego e Izquierdo fue llevado en ambulancia a un hospital.<\/div>\n","protected":false},"excerpt":{"rendered":"<p>Una tragedia enluta al f\u00fatbol. Juan Izquierdo, jugador de Nacional que el pasado jueves se desplom\u00f3 en el partido de Libertadores contra Sao Paulo,\u00a0falleci\u00f3 este martes. El club uruguayo confirm\u00f3 la noticia en redes sociales. \u00abCon el m\u00e1s profundo dolor e impacto en nuestros corazones, el Club Nacional de Football comunica el fallecimiento de nuestro &hellip;<\/p>\n","protected":false},"author":2,"featured_media":0,"comment_status":"closed","ping_status":"closed","sticky":false,"template":"","format":"standard","meta":{"footnotes":""},"categories":[5],"tags":[],"class_list":["post-841","post","type-post","status-publish","format-standard","hentry","category-deportes"],"_links":{"self":[{"href":"https:\/\/www.elregional.cl\/index.php?rest_route=\/wp\/v2\/posts\/841","targetHints":{"allow":["GET"]}}],"collection":[{"href":"https:\/\/www.elregional.cl\/index.php?rest_route=\/wp\/v2\/posts"}],"about":[{"href":"https:\/\/www.elregional.cl\/index.php?rest_route=\/wp\/v2\/types\/post"}],"author":[{"embeddable":true,"href":"https:\/\/www.elregional.cl\/index.php?rest_route=\/wp\/v2\/users\/2"}],"replies":[{"embeddable":true,"href":"https:\/\/www.elregional.cl\/index.php?rest_route=%2Fwp%2Fv2%2Fcomments&post=841"}],"version-history":[{"count":1,"href":"https:\/\/www.elregional.cl\/index.php?rest_route=\/wp\/v2\/posts\/841\/revisions"}],"predecessor-version":[{"id":843,"href":"https:\/\/www.elregional.cl\/index.php?rest_route=\/wp\/v2\/posts\/841\/revisions\/843"}],"wp:attachment":[{"href":"https:\/\/www.elregional.cl\/index.php?rest_route=%2Fwp%2Fv2%2Fmedia&parent=841"}],"wp:term":[{"taxonomy":"category","embeddable":true,"href":"https:\/\/www.elregional.cl\/index.php?rest_route=%2Fwp%2Fv2%2Fcategories&post=841"},{"taxonomy":"post_tag","embeddable":true,"href":"https:\/\/www.elregional.cl\/index.php?rest_route=%2Fwp%2Fv2%2Ftags&post=841"}],"curies":[{"name":"wp","href":"https:\/\/api.w.org\/{rel}","templated":true}]}}