{"id":8448,"date":"2025-08-05T00:39:28","date_gmt":"2025-08-05T00:39:28","guid":{"rendered":"https:\/\/www.elregional.cl\/?p=8448"},"modified":"2025-08-05T00:39:28","modified_gmt":"2025-08-05T00:39:28","slug":"la-u-cae-con-cobresal-y-los-piratas-se-arrancan-seis-puntos","status":"publish","type":"post","link":"https:\/\/www.elregional.cl\/?p=8448","title":{"rendered":"La U cae con Cobresal y Los Piratas se arrancan seis puntos"},"content":{"rendered":"<div class=\"div_h2\">\n<h5 id=\"ucDetalle_BajadaNoticia\">Emol.cl<\/h5>\n<h5>El elenco minero jug\u00f3 m\u00e1s de media hora con un hombre menos.<\/h5>\n<\/div>\n<div class=\"contenedor_social_emol\"><\/div>\n<div id=\"ucDetalle_CuerpoNoticia\" class=\"cuerpo_noticia cuerpo_noti_height_full\">\n<div>Duro golpe para la U<b>. Este lunes perdi\u00f3 1-0 con Cobresal por el Torneo local en el Estadio Nacional.<\/b><\/div>\n<div><\/div>\n<div>Con la derrota, el conjunto azul se mantiene en el segundo lugar con 35 puntos,\u00a0<b>pero se le aleja el l\u00edder Coquimbo que tiene 41.<\/b><\/div>\n<div><\/div>\n<div>El cuadro minero en los \u00faltimos a\u00f1os le ha hecho pasar muchos malos ratos a los estudiantiles.\u00a0<b>El triunfo de esta jornada en \u00d1u\u00f1oa le permite subir al sexto lugar con 29 unidades<\/b>. Est\u00e1 en zona de clasificaci\u00f3n a Copa Sudamericana.<\/div>\n<div><\/div>\n<div>La U, sin el lesionado Charles Ar\u00e1nguiz, desde el principio se hizo con la posesi\u00f3n del bal\u00f3n y trat\u00f3 de arrinconar a su rival.\u00a0<b>Sin embargo, adolec\u00eda de profundidad.\u00a0<\/b>La visita se defend\u00eda con mucho orden, propon\u00eda duelos por toda la cancha y sal\u00eda de contra apenas recuperaba la pelota.<\/div>\n<div><\/div>\n<div>A los 26&#8242; lleg\u00f3 el gol.\u00a0<b>Tiro libre, C\u00e9sar Yanis puso el bal\u00f3n en el \u00e1rea y Diego Coelho libre de marca meti\u00f3 un magn\u00edfico cabezazo contra el palo derecho de Gabriel Castell\u00f3n.<\/b>\u00a0Nada pudo hacer el portero. Cuatro minutos despu\u00e9s, Coelho consigui\u00f3 su doblete, pero ese tanto se anul\u00f3 por posici\u00f3n de adelanto.<\/div>\n<div><\/div>\n<div>El elenco estudiantil estaba confundido, no encontraba la forma de desarticular el plan del rival. A\u00fan as\u00ed logr\u00f3 generarse un par de chances.\u00a0<b>Nicol\u00e1s Guerra y Rodrigo Contreras inquietaron.<\/b><\/div>\n<div><\/div>\n<div>En el entretiempo el t\u00e9cnico Gustavo \u00c1lvarez meti\u00f3 cambios y la jugada le result\u00f3. La U se vio con otra din\u00e1mica, con otra velocidad y comenz\u00f3 a inclinar la cancha.\u00a0<b>Javier Altamirano, Lucas Assadi e Ignacio V\u00e1squez estuvieron muy cerca del empate. Del otro lado, Gabriel Castell\u00f3n con un tapad\u00f3n impidi\u00f3 el segundo del equipo minero.<\/b><\/div>\n<div><\/div>\n<div>A los 61&#8242; se produjo un hecho clave.\u00a0<b>Christian Moreno le entr\u00f3 muy fuerte a Fabi\u00e1n Hormaz\u00e1bal y fue expulsado.<\/b>\u00a0Cobresal debi\u00f3 aguantar con diez m\u00e1s de media hora.<\/div>\n<div><\/div>\n<div>Curiosamente, la expulsi\u00f3n no hizo que la U jugara mejor. El cuadro que dirige Gustavo Huerta retrocedi\u00f3 y pas\u00f3 a defenderse muy cerca de su \u00e1rea.\u00a0<b>Los azules, con menos espacios, se confundieron. Levantaron una y otra vez la pelota, pero casi siempre ganaban los centrales del adversario.<\/b><\/div>\n<div><\/div>\n<div>Con mucho \u00edmpetu, la escuadra universitaria acorral\u00f3 a Cobresal en los minutos finales y ya en los descuentos el \u00e1rbitro Gast\u00f3n Philippe cobr\u00f3 penal por una falta de Aaron Astudillo sobre V\u00e1squez.\u00a0<b>Leandro Fern\u00e1ndez, que hoy volvi\u00f3 a jugar despu\u00e9s de varias semanas, asumi\u00f3 la responsabilidad. Sin embargo, pate\u00f3 mal, tir\u00f3 la pelota afuera. E<\/b>n el estadio no lo pod\u00edan creer. Definitivamente no era la noche de la U.<\/div>\n<div><\/div>\n<div>La U no tiene mucho tiempo para lamentos. El pr\u00f3ximo s\u00e1bado jugar\u00e1 con la Uni\u00f3n Espa\u00f1ola. Un d\u00eda despu\u00e9s, Cobresal recibir\u00e1 a Coquimbo Unido en El Salvador.<\/div>\n<\/div>\n","protected":false},"excerpt":{"rendered":"<p>Emol.cl El elenco minero jug\u00f3 m\u00e1s de media hora con un hombre menos. Duro golpe para la U. Este lunes perdi\u00f3 1-0 con Cobresal por el Torneo local en el Estadio Nacional. Con la derrota, el conjunto azul se mantiene en el segundo lugar con 35 puntos,\u00a0pero se le aleja el l\u00edder Coquimbo que tiene &hellip;<\/p>\n","protected":false},"author":2,"featured_media":8449,"comment_status":"closed","ping_status":"closed","sticky":false,"template":"","format":"standard","meta":{"footnotes":""},"categories":[5],"tags":[],"class_list":["post-8448","post","type-post","status-publish","format-standard","has-post-thumbnail","hentry","category-deportes"],"_links":{"self":[{"href":"https:\/\/www.elregional.cl\/index.php?rest_route=\/wp\/v2\/posts\/8448","targetHints":{"allow":["GET"]}}],"collection":[{"href":"https:\/\/www.elregional.cl\/index.php?rest_route=\/wp\/v2\/posts"}],"about":[{"href":"https:\/\/www.elregional.cl\/index.php?rest_route=\/wp\/v2\/types\/post"}],"author":[{"embeddable":true,"href":"https:\/\/www.elregional.cl\/index.php?rest_route=\/wp\/v2\/users\/2"}],"replies":[{"embeddable":true,"href":"https:\/\/www.elregional.cl\/index.php?rest_route=%2Fwp%2Fv2%2Fcomments&post=8448"}],"version-history":[{"count":1,"href":"https:\/\/www.elregional.cl\/index.php?rest_route=\/wp\/v2\/posts\/8448\/revisions"}],"predecessor-version":[{"id":8450,"href":"https:\/\/www.elregional.cl\/index.php?rest_route=\/wp\/v2\/posts\/8448\/revisions\/8450"}],"wp:featuredmedia":[{"embeddable":true,"href":"https:\/\/www.elregional.cl\/index.php?rest_route=\/wp\/v2\/media\/8449"}],"wp:attachment":[{"href":"https:\/\/www.elregional.cl\/index.php?rest_route=%2Fwp%2Fv2%2Fmedia&parent=8448"}],"wp:term":[{"taxonomy":"category","embeddable":true,"href":"https:\/\/www.elregional.cl\/index.php?rest_route=%2Fwp%2Fv2%2Fcategories&post=8448"},{"taxonomy":"post_tag","embeddable":true,"href":"https:\/\/www.elregional.cl\/index.php?rest_route=%2Fwp%2Fv2%2Ftags&post=8448"}],"curies":[{"name":"wp","href":"https:\/\/api.w.org\/{rel}","templated":true}]}}