{"id":8562,"date":"2025-08-08T02:44:00","date_gmt":"2025-08-08T02:44:00","guid":{"rendered":"https:\/\/www.elregional.cl\/?p=8562"},"modified":"2025-08-08T02:44:00","modified_gmt":"2025-08-08T02:44:00","slug":"colgate-retira-del-mercado-chileno-una-de-sus-pastas-dentales-por-posibles-riesgos-a-la-salud","status":"publish","type":"post","link":"https:\/\/www.elregional.cl\/?p=8562","title":{"rendered":"Colgate retira del mercado chileno una de sus pastas dentales por posibles riesgos a la salud"},"content":{"rendered":"<div class=\"div_titulo\">\n<h1 id=\"ucDetalle_TituloNoticia\"><\/h1>\n<\/div>\n<div class=\"div_h2\">\n<h5 id=\"ucDetalle_BajadaNoticia\">Emol.cl<\/h5>\n<h5>La decisi\u00f3n fue tomada de manera preventiva.<\/h5>\n<\/div>\n<div class=\"contenedor_social_emol\"><\/div>\n<div id=\"ucDetalle_CuerpoNoticia\" class=\"cuerpo_noticia cuerpo_noti_height_full\">\n<div>De manera preventiva,<b>\u00a0Colgate decidi\u00f3 retirar del mercado una de sus pastas dentales,<\/b>\u00a0luego de las alertas sanitarias que involucran a 19 de estos productos de tres empresas diferentes que se comercializan en el pa\u00eds.<\/div>\n<div><\/div>\n<div>Tanto el Sernac como el Instituto de Salud P\u00fablica (ISP) han advertido por pastas dentales que contienen un ingrediente que podr\u00eda da\u00f1ar la salud de las personas, entre ellas, la \u00ab<b>Total Clean Mint\u00bb de Colgate, que la compa\u00f1\u00eda acaba de anunciar que dejar\u00e1 de vender.<\/b><\/div>\n<div><\/div>\n<div>As\u00ed lo anunci\u00f3 el ISP en sus redes sociales,\u00a0<b>informando el \u00abretiro de mercado de pasta dental con fl\u00faor\u00bb, y precisando de cual se trataba.<\/b><\/div>\n<div><\/div>\n<div>El componente que podr\u00eda da\u00f1ar la salud buscar e<b>s el fluoruro de esta\u00f1o<\/b>\u00a0que se utilizado durante a\u00f1os para prevenir caries y fortalecer el esmalte dental, entre otras cosas. Pero recientes estudios tambi\u00e9n lo han apuntando como posible responsable de efectos secundarios como lesiones e irritaciones en la boca.<\/div>\n<div><\/div>\n<div>El ISP levant\u00f3 una alerta hace algunos d\u00edas que llev\u00f3 a que el Sernac oficiar\u00e1 a tres empresas, entre ellas Colgate, por 19 diferentes pastas de dientes que contienen el ingrediente en cuesti\u00f3n.<\/div>\n<div><\/div>\n<div>Las otras dos empresas oficiadas son\u00a0<b>Procter &amp; Gamble (P&amp;G), due\u00f1a de la marca Oral B, y GSK, empresa detr\u00e1s de la marca Sensodyne.<\/b><\/div>\n<\/div>\n","protected":false},"excerpt":{"rendered":"<p>Emol.cl La decisi\u00f3n fue tomada de manera preventiva. De manera preventiva,\u00a0Colgate decidi\u00f3 retirar del mercado una de sus pastas dentales,\u00a0luego de las alertas sanitarias que involucran a 19 de estos productos de tres empresas diferentes que se comercializan en el pa\u00eds. Tanto el Sernac como el Instituto de Salud P\u00fablica (ISP) han advertido por pastas &hellip;<\/p>\n","protected":false},"author":2,"featured_media":8563,"comment_status":"closed","ping_status":"closed","sticky":false,"template":"","format":"standard","meta":{"footnotes":""},"categories":[3],"tags":[],"class_list":["post-8562","post","type-post","status-publish","format-standard","has-post-thumbnail","hentry","category-pais"],"_links":{"self":[{"href":"https:\/\/www.elregional.cl\/index.php?rest_route=\/wp\/v2\/posts\/8562","targetHints":{"allow":["GET"]}}],"collection":[{"href":"https:\/\/www.elregional.cl\/index.php?rest_route=\/wp\/v2\/posts"}],"about":[{"href":"https:\/\/www.elregional.cl\/index.php?rest_route=\/wp\/v2\/types\/post"}],"author":[{"embeddable":true,"href":"https:\/\/www.elregional.cl\/index.php?rest_route=\/wp\/v2\/users\/2"}],"replies":[{"embeddable":true,"href":"https:\/\/www.elregional.cl\/index.php?rest_route=%2Fwp%2Fv2%2Fcomments&post=8562"}],"version-history":[{"count":1,"href":"https:\/\/www.elregional.cl\/index.php?rest_route=\/wp\/v2\/posts\/8562\/revisions"}],"predecessor-version":[{"id":8564,"href":"https:\/\/www.elregional.cl\/index.php?rest_route=\/wp\/v2\/posts\/8562\/revisions\/8564"}],"wp:featuredmedia":[{"embeddable":true,"href":"https:\/\/www.elregional.cl\/index.php?rest_route=\/wp\/v2\/media\/8563"}],"wp:attachment":[{"href":"https:\/\/www.elregional.cl\/index.php?rest_route=%2Fwp%2Fv2%2Fmedia&parent=8562"}],"wp:term":[{"taxonomy":"category","embeddable":true,"href":"https:\/\/www.elregional.cl\/index.php?rest_route=%2Fwp%2Fv2%2Fcategories&post=8562"},{"taxonomy":"post_tag","embeddable":true,"href":"https:\/\/www.elregional.cl\/index.php?rest_route=%2Fwp%2Fv2%2Ftags&post=8562"}],"curies":[{"name":"wp","href":"https:\/\/api.w.org\/{rel}","templated":true}]}}