{"id":8599,"date":"2025-08-08T16:19:50","date_gmt":"2025-08-08T16:19:50","guid":{"rendered":"https:\/\/www.elregional.cl\/?p=8599"},"modified":"2025-08-08T16:19:50","modified_gmt":"2025-08-08T16:19:50","slug":"coquimbo-refuerzan-fiscalizacion-para-combatir-el-comercio-ilegal-de-productos-del-mar","status":"publish","type":"post","link":"https:\/\/www.elregional.cl\/?p=8599","title":{"rendered":"Coquimbo: Refuerzan fiscalizaci\u00f3n para combatir el comercio ilegal de productos del mar"},"content":{"rendered":"<div class=\"tdc-header-wrap \">\n<div class=\"td-header-wrap td-header-style-3 \">\n<div class=\"td-banner-wrap-full td-container-wrap \">\n<div class=\"td-container td-header-row td-header-header\">\n<div class=\"td-header-sp-recs\">\n<div class=\"td-header-rec-wrap\">\n<div class=\"td-a-rec td-a-rec-id-header  td-a-rec-no-translate tdi_1 td_block_template_1\"><\/div>\n<\/div>\n<\/div>\n<\/div>\n<\/div>\n<\/div>\n<\/div>\n<div id=\"tdb-autoload-article\" data-autoload=\"on\" data-autoload-org-post-id=\"196991\" data-autoload-tpl-id=\"112489\" data-autoload-type=\"\" data-autoload-count=\"5\" data-autoload-scroll-percent=\"20\">\n<div class=\"td-main-content-wrap td-container-wrap\">\n<div class=\"tdc-content-wrap tdb-autoload-wrap\">\n<article id=\"template-id-112489\" class=\"post-112489 tdb_templates type-tdb_templates status-publish post\" data-post-url=\"https:\/\/laserenaonline.cl\/2025\/08\/08\/coquimbo-refuerzan-fiscalizacion-para-combatir-el-comercio-ilegal-de-productos-del-mar\/\" data-post-edit-url=\"\" data-post-title=\"Coquimbo: Refuerzan fiscalizaci\u00f3n para combatir el comercio ilegal de productos del mar\">\n<div id=\"tdi_2\" class=\"tdc-zone\">\n<div class=\"tdc_zone tdi_3  wpb_row td-pb-row\">\n<div id=\"tdi_9\" class=\"tdc-row\">\n<div class=\"vc_row tdi_10 td-ss-row wpb_row td-pb-row\">\n<div class=\"vc_column tdi_12  wpb_column vc_column_container tdc-column td-pb-span8\">\n<div class=\"wpb_wrapper\">\n<div class=\"td_block_wrap tdb_single_content tdi_22 td-pb-border-top td_block_template_1 td-post-content tagdiv-type\" data-td-block-uid=\"tdi_22\">\n<div class=\"tdb-block-inner td-fix-index\">\n<p><em>En conjunto con diversas instituciones como Sernapesca y Carabineros, la casa consistorial llev\u00f3 a cabo una fiscalizaci\u00f3n rigurosa en la Costanera y alrededores de la Caleta, garantizando la seguridad y calidad de pescados y mariscos para los consumidores, en la cual se incaut\u00f3 628 kilos de pescado.<\/em><\/p>\n<p><span id=\"more-196991\"><\/span>En un esfuerzo conjunto para combatir el comercio ilegal y mantener el orden p\u00fablico, la Direcci\u00f3n de Seguridad P\u00fablica de la Municipalidad de Coquimbo llev\u00f3 a cabo una exhaustiva fiscalizaci\u00f3n a los vendedores irregulares de productos del mar en la Avenida Costanera. La operaci\u00f3n realizada este jueves 7 de agosto, se extendi\u00f3 desde el sector Caleta hasta la calle Portales, y cont\u00f3 con el apoyo de diversas instituciones, como el Servicio Nacional de Pesca (Sernapesca), el Servicio de Impuestos Internos (SII), Carabineros y la Polic\u00eda Mar\u00edtima.<\/p>\n<p>El principal objetivo de la fiscalizaci\u00f3n fue asegurar que los consumidores pudieran acceder a productos del mar en condiciones sanitarias adecuadas y que se cumplan con las normas de seguridad alimentaria y cadenas de fr\u00edo. Durante el operativo, tambi\u00e9n se verific\u00f3 a veh\u00edculos y conductores que transportaban productos del mar, incautando en algunos casos cajas de pescados cuya procedencia era incierta.<\/p>\n<h2 class=\"wp-block-heading\">Declaraci\u00f3n autoridades<\/h2>\n<p>Juan Diego Garc\u00eda, director de Seguridad P\u00fablica de la Municipalidad de\u00a0<a title=\"\" href=\"https:\/\/www.municoquimbo.cl\/index.php\/noticias\/9602-municipalidad-de-coquimbo-refuerza-fiscalizacion-para-combatir-el-comercio-ilegal-de-productos-del-mar\" target=\"_blank\" rel=\"noopener nofollow\">Coquimbo<\/a>, destac\u00f3 que el procedimiento se ejecut\u00f3 en coordinaci\u00f3n con diversas instituciones, \u201ctodo encomendado por nuestro alcalde Ali Manouchehri para poder mantener siempre el orden, resguardar la seguridad y mantener estas fiscalizaciones e incautaciones cuando corresponde respecto del comercio clandestino e ilegal que se posiciona en algunos puntos de la comuna\u201d.<\/p>\n<p>El director de seguridad a\u00f1adi\u00f3 que la fiscalizaci\u00f3n se concret\u00f3 en un d\u00eda donde se realiza la feria ya que es ah\u00ed cuando \u201caprovechan otras personas de instalarse no teniendo y no contando con ning\u00fan tipo de permiso ni de regularizaci\u00f3n, es por eso que estamos fiscalizando y hemos ya incautado en algunos puntos al ingreso del terminal pesquero\u201d, manifest\u00f3 Juan Diego Garc\u00eda.<\/p>\n<p>Por su parte, el capit\u00e1n Sergio Bravo de Carabineros subray\u00f3 la importancia de las inspecciones constantes en toda la regi\u00f3n, mencionando que, adem\u00e1s de la fiscalizaci\u00f3n de los vendedores, Sernapesca se encarg\u00f3 de verificar la documentaci\u00f3n y la cadena de fr\u00edo de los productos. \u201cTodo lo que se incauta, al no tener una procedencia clara, se desecha con las actas correspondientes para evitar cualquier futura comercializaci\u00f3n ilegal\u201d, se\u00f1al\u00f3 Bravo.<\/p>\n<p>Respecto de los resultados, se logr\u00f3 decomisar 628 kilos de pescado, entre jurel y merluza, los que se manten\u00edan en puestos de venta irregular y al interior de un cami\u00f3n.<\/p>\n<p>El operativo no solo demuestra el compromiso de la municipalidad con la seguridad y el bienestar de los consumidores, sino tambi\u00e9n con la protecci\u00f3n de las normativas que regulan el comercio de productos del mar en la regi\u00f3n, apuntando a erradicar el comercio clandestino que afecta tanto a la salud p\u00fablica como a la econom\u00eda local.<\/p>\n<\/div>\n<\/div>\n<\/div>\n<\/div>\n<\/div>\n<\/div>\n<\/div>\n<\/div>\n<\/article>\n<\/div>\n<\/div>\n<\/div>\n","protected":false},"excerpt":{"rendered":"<p>En conjunto con diversas instituciones como Sernapesca y Carabineros, la casa consistorial llev\u00f3 a cabo una fiscalizaci\u00f3n rigurosa en la Costanera y alrededores de la Caleta, garantizando la seguridad y calidad de pescados y mariscos para los consumidores, en la cual se incaut\u00f3 628 kilos de pescado. En un esfuerzo conjunto para combatir el comercio &hellip;<\/p>\n","protected":false},"author":2,"featured_media":8600,"comment_status":"closed","ping_status":"closed","sticky":false,"template":"","format":"standard","meta":{"footnotes":""},"categories":[2],"tags":[],"class_list":["post-8599","post","type-post","status-publish","format-standard","has-post-thumbnail","hentry","category-regionales"],"_links":{"self":[{"href":"https:\/\/www.elregional.cl\/index.php?rest_route=\/wp\/v2\/posts\/8599","targetHints":{"allow":["GET"]}}],"collection":[{"href":"https:\/\/www.elregional.cl\/index.php?rest_route=\/wp\/v2\/posts"}],"about":[{"href":"https:\/\/www.elregional.cl\/index.php?rest_route=\/wp\/v2\/types\/post"}],"author":[{"embeddable":true,"href":"https:\/\/www.elregional.cl\/index.php?rest_route=\/wp\/v2\/users\/2"}],"replies":[{"embeddable":true,"href":"https:\/\/www.elregional.cl\/index.php?rest_route=%2Fwp%2Fv2%2Fcomments&post=8599"}],"version-history":[{"count":1,"href":"https:\/\/www.elregional.cl\/index.php?rest_route=\/wp\/v2\/posts\/8599\/revisions"}],"predecessor-version":[{"id":8601,"href":"https:\/\/www.elregional.cl\/index.php?rest_route=\/wp\/v2\/posts\/8599\/revisions\/8601"}],"wp:featuredmedia":[{"embeddable":true,"href":"https:\/\/www.elregional.cl\/index.php?rest_route=\/wp\/v2\/media\/8600"}],"wp:attachment":[{"href":"https:\/\/www.elregional.cl\/index.php?rest_route=%2Fwp%2Fv2%2Fmedia&parent=8599"}],"wp:term":[{"taxonomy":"category","embeddable":true,"href":"https:\/\/www.elregional.cl\/index.php?rest_route=%2Fwp%2Fv2%2Fcategories&post=8599"},{"taxonomy":"post_tag","embeddable":true,"href":"https:\/\/www.elregional.cl\/index.php?rest_route=%2Fwp%2Fv2%2Ftags&post=8599"}],"curies":[{"name":"wp","href":"https:\/\/api.w.org\/{rel}","templated":true}]}}