{"id":8621,"date":"2025-08-09T08:13:16","date_gmt":"2025-08-09T08:13:16","guid":{"rendered":"https:\/\/www.elregional.cl\/?p=8621"},"modified":"2025-08-09T08:13:16","modified_gmt":"2025-08-09T08:13:16","slug":"alza-de-virus-respiratorios-minsal-confirma-que-ocupacion-de-camas-criticas-supera-el-91-a-nivel-nacional","status":"publish","type":"post","link":"https:\/\/www.elregional.cl\/?p=8621","title":{"rendered":"Alza de virus respiratorios: Minsal confirma que ocupaci\u00f3n de camas cr\u00edticas supera el 91% a nivel nacional"},"content":{"rendered":"<header class=\"main-article__header | all:margin-block-end-24\">\n<div class=\"main-article__socials main-article-socials | all:margin-block-start-4\"><\/div>\n<\/header>\n<div class=\"main-article__body main-layout\">\n<section class=\"main-article__content main-layout__item\">\n<div class=\"main-article__media main-article-media | u-mobile-negative-margin\">\n<footer class=\"main-article-media__footer | all:margin-block-start-12\"><\/footer>\n<\/div>\n<div class=\"main-article__text main-article-text | js-content-post | all:margin-block-start-20 all:margin-block-end-24\">\n<p data-start=\"93\" data-end=\"284\">Este viernes el\u00a0<strong data-start=\"96\" data-end=\"119\">Ministerio de Salud<\/strong>\u00a0inform\u00f3 que la\u00a0<strong data-start=\"135\" data-end=\"173\">ocupaci\u00f3n de camas cr\u00edticas para adultos<\/strong>\u00a0lleg\u00f3 al\u00a0<strong data-start=\"183\" data-end=\"192\">91,4%<\/strong>\u00a0a nivel nacional, seg\u00fan el reporte epidemiol\u00f3gico actualizado al\u00a0<strong data-start=\"258\" data-end=\"281\">7 de agosto de 2025<\/strong>.<\/p>\n<p data-start=\"286\" data-end=\"556\">En el\u00a0<strong data-start=\"292\" data-end=\"335\">Sistema Integrado de la Red Asistencial<\/strong>\u00a0existen actualmente\u00a0<strong data-start=\"356\" data-end=\"392\">4.528 camas cr\u00edticas habilitadas<\/strong>, de las cuales\u00a0<strong data-start=\"408\" data-end=\"440\">4.139 se encuentran ocupadas<\/strong>. La ocupaci\u00f3n en el\u00a0<strong data-start=\"461\" data-end=\"479\">sector p\u00fablico<\/strong>\u00a0es de\u00a0<strong data-start=\"486\" data-end=\"495\">92,2%<\/strong>, mientras que en el\u00a0<strong data-start=\"516\" data-end=\"534\">sector privado<\/strong>\u00a0alcanza el\u00a0<strong data-start=\"546\" data-end=\"553\">90%<\/strong>.<\/p>\n<p data-start=\"558\" data-end=\"838\">La\u00a0<strong data-start=\"561\" data-end=\"600\">coordinadora de la Campa\u00f1a Invierno<\/strong>,\u00a0<strong data-start=\"602\" data-end=\"620\">Valentina Pino<\/strong>, explic\u00f3 que la situaci\u00f3n var\u00eda entre regiones.\u00a0<strong data-start=\"669\" data-end=\"683\">Magallanes<\/strong>\u00a0presenta el menor uso con\u00a0<strong data-start=\"710\" data-end=\"719\">69,6%<\/strong>, mientras que\u00a0<strong data-start=\"734\" data-end=\"746\">Los R\u00edos<\/strong>\u00a0lidera con un\u00a0<strong data-start=\"761\" data-end=\"770\">96,3%<\/strong>. En la\u00a0<strong data-start=\"778\" data-end=\"802\">Regi\u00f3n Metropolitana<\/strong>, la ocupaci\u00f3n llega al\u00a0<strong data-start=\"826\" data-end=\"835\">95,6%<\/strong>.<\/p>\n<p data-start=\"1047\" data-end=\"1284\">Desde el\u00a0<strong data-start=\"1056\" data-end=\"1093\">1 de enero al 7 de agosto de 2025<\/strong>, se han realizado\u00a0<strong data-start=\"1112\" data-end=\"1158\">1.356 traslados de pacientes respiratorios<\/strong>\u00a0que requer\u00edan\u00a0<strong data-start=\"1173\" data-end=\"1203\">Unidad de Paciente Cr\u00edtico<\/strong>. De ellos,\u00a0<strong data-start=\"1215\" data-end=\"1247\">1.187 corresponden a adultos<\/strong>\u00a0y\u00a0<strong data-start=\"1250\" data-end=\"1281\">169 a pacientes pedi\u00e1tricos<\/strong>.<\/p>\n<p data-start=\"1286\" data-end=\"1476\">En cuanto a la log\u00edstica,\u00a0<strong data-start=\"1312\" data-end=\"1329\">533 traslados<\/strong>\u00a0se hicieron hacia el\u00a0<strong data-start=\"1351\" data-end=\"1370\">sistema p\u00fablico<\/strong>\u00a0y\u00a0<strong data-start=\"1373\" data-end=\"1391\">823 al privado<\/strong>. Del total,\u00a0<strong data-start=\"1404\" data-end=\"1438\">1.310 fueron por v\u00eda terrestre<\/strong>\u00a0y\u00a0<strong data-start=\"1441\" data-end=\"1473\">46 mediante avi\u00f3n ambulancia<\/strong>.<\/p>\n<p data-start=\"1478\" data-end=\"1672\" data-is-last-node=\"\" data-is-only-node=\"\">Las autoridades reiteraron el llamado a\u00a0<strong data-start=\"1518\" data-end=\"1540\">prevenir contagios<\/strong>\u00a0y a\u00a0<strong data-start=\"1545\" data-end=\"1592\">acudir oportunamente a la atenci\u00f3n primaria<\/strong>\u00a0ante s\u00edntomas respiratorios, con el fin de evitar la saturaci\u00f3n hospitalaria.<\/p>\n<\/div>\n<\/section>\n<\/div>\n","protected":false},"excerpt":{"rendered":"<p>Este viernes el\u00a0Ministerio de Salud\u00a0inform\u00f3 que la\u00a0ocupaci\u00f3n de camas cr\u00edticas para adultos\u00a0lleg\u00f3 al\u00a091,4%\u00a0a nivel nacional, seg\u00fan el reporte epidemiol\u00f3gico actualizado al\u00a07 de agosto de 2025. En el\u00a0Sistema Integrado de la Red Asistencial\u00a0existen actualmente\u00a04.528 camas cr\u00edticas habilitadas, de las cuales\u00a04.139 se encuentran ocupadas. La ocupaci\u00f3n en el\u00a0sector p\u00fablico\u00a0es de\u00a092,2%, mientras que en el\u00a0sector privado\u00a0alcanza el\u00a090%. La\u00a0coordinadora &hellip;<\/p>\n","protected":false},"author":2,"featured_media":8622,"comment_status":"closed","ping_status":"closed","sticky":false,"template":"","format":"standard","meta":{"footnotes":""},"categories":[3],"tags":[],"class_list":["post-8621","post","type-post","status-publish","format-standard","has-post-thumbnail","hentry","category-pais"],"_links":{"self":[{"href":"https:\/\/www.elregional.cl\/index.php?rest_route=\/wp\/v2\/posts\/8621","targetHints":{"allow":["GET"]}}],"collection":[{"href":"https:\/\/www.elregional.cl\/index.php?rest_route=\/wp\/v2\/posts"}],"about":[{"href":"https:\/\/www.elregional.cl\/index.php?rest_route=\/wp\/v2\/types\/post"}],"author":[{"embeddable":true,"href":"https:\/\/www.elregional.cl\/index.php?rest_route=\/wp\/v2\/users\/2"}],"replies":[{"embeddable":true,"href":"https:\/\/www.elregional.cl\/index.php?rest_route=%2Fwp%2Fv2%2Fcomments&post=8621"}],"version-history":[{"count":1,"href":"https:\/\/www.elregional.cl\/index.php?rest_route=\/wp\/v2\/posts\/8621\/revisions"}],"predecessor-version":[{"id":8623,"href":"https:\/\/www.elregional.cl\/index.php?rest_route=\/wp\/v2\/posts\/8621\/revisions\/8623"}],"wp:featuredmedia":[{"embeddable":true,"href":"https:\/\/www.elregional.cl\/index.php?rest_route=\/wp\/v2\/media\/8622"}],"wp:attachment":[{"href":"https:\/\/www.elregional.cl\/index.php?rest_route=%2Fwp%2Fv2%2Fmedia&parent=8621"}],"wp:term":[{"taxonomy":"category","embeddable":true,"href":"https:\/\/www.elregional.cl\/index.php?rest_route=%2Fwp%2Fv2%2Fcategories&post=8621"},{"taxonomy":"post_tag","embeddable":true,"href":"https:\/\/www.elregional.cl\/index.php?rest_route=%2Fwp%2Fv2%2Ftags&post=8621"}],"curies":[{"name":"wp","href":"https:\/\/api.w.org\/{rel}","templated":true}]}}