{"id":865,"date":"2024-08-30T02:32:45","date_gmt":"2024-08-30T02:32:45","guid":{"rendered":"https:\/\/www.elregional.cl\/?p=865"},"modified":"2024-08-30T02:32:45","modified_gmt":"2024-08-30T02:32:45","slug":"estoicos-profesores-jubilados-de-coquimbo-protestan-por-la-deuda-historica-docente","status":"publish","type":"post","link":"https:\/\/www.elregional.cl\/?p=865","title":{"rendered":"Estoicos Profesores jubilados de Coquimbo protestan por la Deuda Hist\u00f3rica docente."},"content":{"rendered":"<header id=\"masthead\" class=\"sticky top-0 z-50 text-white \">\n<div class=\"block text-white md:hidden bg-brand-300 social-icons-mobile\">\n<p>Por Andr\u00e9s Sandoval Z.<\/p>\n<p>Como es tradicional todos los d\u00edas jueves y viernes de 12:00 a 13:00 horas de manera \u00absagrada\u00bb se reunen los emblem\u00e1ticos Profesores Jubilados de Coquimbo en la plaza de armas porte\u00f1a, para seguir protestando por la Deuda hist\u00f3rica Docente.<\/p>\n<\/div>\n<\/header>\n<div class=\"container py-10 mx-auto md:max-w-[1140px]\">\n<div>No pasan desapercibidos al trase\u00fante que circula por este sector de Coquimbo, ya que estos hist\u00f3ricos educadores vistiendo de una manera formal, tal cual en las aulas entregaban a sus alumnos sus conocimientos , lucen galanos portando su lienzo y emblema de protesta.<\/div>\n<\/div>\n<div><img loading=\"lazy\" decoding=\"async\" class=\"alignnone size-medium wp-image-866\" src=\"https:\/\/www.elregional.cl\/wp-content\/uploads\/2024\/08\/20240829_124401-297x300.jpg\" alt=\"\" width=\"297\" height=\"300\" \/><\/div>\n<div class=\"container py-10 mx-auto md:max-w-[1140px]\">\n<div>Fue as\u00ed como pudimos conversar con dos de estos docentes que cari\u00f1osa y respetuosamente llamaremos las \u00abprofes\u00bb Norma y Sonia que nos entregaron su testimonio, el motivo de esta \u00ablucha que jam\u00e1s le han dado tregua\u00bb y la esperanza de que en el actual Gobierno puedan obtener un pago compensatorio.<\/div>\n<div>\u00abNo estamos mendigando o pidiendo limosna\u00bb, exijimos lo que nos corresponde legalmente\u00bb sentenciaron los Profesores Coquimbanos.<\/div>\n<div><\/div>\n<div class=\"flex items-center text-gray-400\">El origen de la llamada <strong>Deuda Hist\u00f3rica Docente<\/strong>, nace de\u00a0<strong>una promesa del gobierno del Presidente Pinochet y radica en el no pago de la asignaci\u00f3n no imponible establecida para todos los funcionarios p\u00fablicos <\/strong>en el Decreto Ley N\u00b03.551 promulgado el 26 de diciembre a\u00f1o 1980, con caracter\u00edsticas especiales para los docentes del Ministerio de Educaci\u00f3n.<\/div>\n<\/div>\n<section class=\"main-content\">\n<div class=\"container pb-10 mx-auto md:max-w-[1140px]\">\n<div class=\"grid-cols-4 gap-4 md:grid\">\n<div class=\"col-span-3\">\n<article>\n<div class=\"single-post__content\">\n<p>En dicho Decreto Ley se estableci\u00f3<strong>\u00a0una bonificaci\u00f3n del 90% o 50% del salario bruto<\/strong>, seg\u00fan correspondiera, para las personas dependientes del\u00a0<strong>Ministerio de Educaci\u00f3n<\/strong>. Esta asignaci\u00f3n deb\u00eda hacerse efectiva desde enero de 1981 hasta diciembre de 1984.<strong>\u00a0Sin embargo, en febrero de 1981 se inici\u00f3 el traspaso a las municipalidades y los alcaldes no pagaron<\/strong>, pues hab\u00edamos perdido la calidad de empleados p\u00fablicos, quedando los sueldos de los docentes en desmedro respecto a otros trabajadores p\u00fablicos.<\/p>\n<p>Otra equivocaci\u00f3n: \u00ab<strong>Esta ley modific\u00f3 el sistema de previsi\u00f3n social de los profesores, traslad\u00e1ndolos del sistema p\u00fablico al sistema de AFP (Administradoras de Fondos de Pensiones), lo que provoc\u00f3 una considerable reducci\u00f3n en sus futuras pensiones<\/strong>\u00ab.<\/p>\n<div id=\"related-post related-post-109033\" class=\"content-type content-type--related-post\">\n<h3 class=\"!text-lg font-bold related-post\"><\/h3>\n<\/div>\n<p>La autora\u00a0<strong>confunde la Ley 3551 con el Decreto Ley N\u00ba 3500<\/strong>\u00a0del 13 de noviembre del 1980 que crea las AFP y establece un sistema de pensiones de vejez, de invalidez y sobrevivencia derivado de la capitalizaci\u00f3n individual obligatoria en una administradora de fondos de pensiones (AFP).<strong>\u00a0Esto fue un golpe m\u00e1s, ya que los sueldos estaban bastante deteriorados, y la \u00abcapitalizaci\u00f3n individual\u00bb fue un desprop\u00f3sito para el profesorado que ten\u00eda una merma enorme en sus sueldos<\/strong>.<\/p>\n<p>Entonces, para aclarar el tema de la confusa columna<strong>: la Deuda Hist\u00f3rica se trata de un incumplimiento del gobierno de Pinochet que mientras hablaba de reparar la p\u00e9rdida del poder adquisitivo de los Empleados P\u00fablicos, traspas\u00f3 a los docentes al sistema Municipal y los alcaldes no cumplieron pues declararon que los profesores no eran ya Empleados P\u00fablicos .<\/strong><\/p>\n<p>Ning\u00fan gremio en Chile puede presentar una historia similar, en la que durante tantos a\u00f1os se haya sostenido una lucha en b\u00fasqueda de justicia. Ha sido una carrera de relevos, donde cada Directorio Nacional asumi\u00f3 el desaf\u00edo de<strong>\u00a0nunca olvidar el da\u00f1o que se realiz\u00f3 a los docentes en dictadura<\/strong>.<\/p>\n<div id=\"related-post related-post-109056\" class=\"content-type content-type--related-post\">\n<h3 class=\"!text-lg font-bold related-post\"><\/h3>\n<\/div>\n<p>El\u00a0<strong>Presidente Boric<\/strong>\u00a0prometi\u00f3 que durante su gobierno pagar\u00eda a los docentes una Reparaci\u00f3n de la Deuda Hist\u00f3rica y desde la institucionalidad,<strong> entendemos la angustia de miles de profesores que fueron despojados de sus derechos durante esa oscura parte de nuestra historia y no dejaremos ni un d\u00eda en insistir que la promesa se cumpla, nos se\u00f1alaron los Profes Porte\u00f1os.<\/strong><\/p>\n<p><img loading=\"lazy\" decoding=\"async\" class=\"alignnone size-medium wp-image-867\" src=\"https:\/\/www.elregional.cl\/wp-content\/uploads\/2024\/08\/20240829_124356-300x172.jpg\" alt=\"\" width=\"300\" height=\"172\" \/><\/p>\n<\/div>\n<\/article>\n<\/div>\n<\/div>\n<\/div>\n<\/section>\n","protected":false},"excerpt":{"rendered":"<p>Por Andr\u00e9s Sandoval Z. Como es tradicional todos los d\u00edas jueves y viernes de 12:00 a 13:00 horas de manera \u00absagrada\u00bb se reunen los emblem\u00e1ticos Profesores Jubilados de Coquimbo en la plaza de armas porte\u00f1a, para seguir protestando por la Deuda hist\u00f3rica Docente. No pasan desapercibidos al trase\u00fante que circula por este sector de Coquimbo, &hellip;<\/p>\n","protected":false},"author":2,"featured_media":0,"comment_status":"closed","ping_status":"closed","sticky":false,"template":"","format":"standard","meta":{"footnotes":""},"categories":[13,2],"tags":[],"class_list":["post-865","post","type-post","status-publish","format-standard","hentry","category-coquimbo","category-regionales"],"_links":{"self":[{"href":"https:\/\/www.elregional.cl\/index.php?rest_route=\/wp\/v2\/posts\/865","targetHints":{"allow":["GET"]}}],"collection":[{"href":"https:\/\/www.elregional.cl\/index.php?rest_route=\/wp\/v2\/posts"}],"about":[{"href":"https:\/\/www.elregional.cl\/index.php?rest_route=\/wp\/v2\/types\/post"}],"author":[{"embeddable":true,"href":"https:\/\/www.elregional.cl\/index.php?rest_route=\/wp\/v2\/users\/2"}],"replies":[{"embeddable":true,"href":"https:\/\/www.elregional.cl\/index.php?rest_route=%2Fwp%2Fv2%2Fcomments&post=865"}],"version-history":[{"count":1,"href":"https:\/\/www.elregional.cl\/index.php?rest_route=\/wp\/v2\/posts\/865\/revisions"}],"predecessor-version":[{"id":868,"href":"https:\/\/www.elregional.cl\/index.php?rest_route=\/wp\/v2\/posts\/865\/revisions\/868"}],"wp:attachment":[{"href":"https:\/\/www.elregional.cl\/index.php?rest_route=%2Fwp%2Fv2%2Fmedia&parent=865"}],"wp:term":[{"taxonomy":"category","embeddable":true,"href":"https:\/\/www.elregional.cl\/index.php?rest_route=%2Fwp%2Fv2%2Fcategories&post=865"},{"taxonomy":"post_tag","embeddable":true,"href":"https:\/\/www.elregional.cl\/index.php?rest_route=%2Fwp%2Fv2%2Ftags&post=865"}],"curies":[{"name":"wp","href":"https:\/\/api.w.org\/{rel}","templated":true}]}}