{"id":8675,"date":"2025-08-10T07:42:11","date_gmt":"2025-08-10T07:42:11","guid":{"rendered":"https:\/\/www.elregional.cl\/?p=8675"},"modified":"2025-08-10T07:43:24","modified_gmt":"2025-08-10T07:43:24","slug":"policia-peruana-detuvo-a-seis-coyotes-que-transportaban-migrantes-de-chile-a-ese-pais","status":"publish","type":"post","link":"https:\/\/www.elregional.cl\/?p=8675","title":{"rendered":"Polic\u00eda peruana detuvo a seis \u00abcoyotes\u00bb que transportaban migrantes desde Chile a ese pa\u00eds."},"content":{"rendered":"<p>Autoridades de Per\u00fa realizaron un operativo en la frontera con Chile,<strong>\u00a0durante el cual detuvieron a seis ciudadanos peruanos que transportaban a 38 migrantes procedentes de distintos pa\u00edses de Am\u00e9rica Latina<\/strong>, inform\u00f3 este s\u00e1bado la\u00a0<strong>Superintendencia Nacional de Migraciones<\/strong>.<\/p>\n<p>A trav\u00e9s de un comunicado, el organismo dependiente del Ministerio del Interior precis\u00f3 que detuvo a seis\u00a0<strong>\u00abcoyotes\u00bb<\/strong>,<strong>\u00a0como se conoce a quien se dedica al tr\u00e1fico de personas<\/strong>, pertenecientes a la organizaci\u00f3n criminal\u00a0<strong>\u00abLos discretos de la frontera\u00bb<\/strong>.<\/p>\n<p>Tras su detenci\u00f3n por la presunta comisi\u00f3n del delito de tr\u00e1fico il\u00edcito de migrantes, los seis peruanos fueron puestos en custodia de la<strong>\u00a0Unidad de Trata de Personas de la Divisi\u00f3n de Investigaci\u00f3n Criminal (Divincri) de Tacna<\/strong>, regi\u00f3n fronteriza con nuestro pa\u00eds.<\/p>\n<p>\u00abEn un megaoperativo realizado en la frontera entre Per\u00fa-Chile, efectivos de la Polic\u00eda Nacional del Per\u00fa (PNP), con el apoyo de la Direcci\u00f3n de Inteligencia de Lima y la Superintendencia Nacional de Migraciones,<strong>\u00a0intervinieron a 38 personas extranjeras que pretend\u00edan ingresar al territorio peruano de manera irregular\u00bb<\/strong>, se\u00f1al\u00f3 Migraciones.<\/p>\n<p>El operativo se realiz\u00f3 entre los puntos 10 y 12 de la l\u00ednea de frontera, aproximadamente en el kil\u00f3metro 1.331 de la Carretera Panamericana Sur, y fue comunicado a la Fiscal\u00eda que opera en Tacna para las acciones de ley inmediata.<\/p>\n","protected":false},"excerpt":{"rendered":"<p>Autoridades de Per\u00fa realizaron un operativo en la frontera con Chile,\u00a0durante el cual detuvieron a seis ciudadanos peruanos que transportaban a 38 migrantes procedentes de distintos pa\u00edses de Am\u00e9rica Latina, inform\u00f3 este s\u00e1bado la\u00a0Superintendencia Nacional de Migraciones. A trav\u00e9s de un comunicado, el organismo dependiente del Ministerio del Interior precis\u00f3 que detuvo a seis\u00a0\u00abcoyotes\u00bb,\u00a0como se &hellip;<\/p>\n","protected":false},"author":2,"featured_media":8676,"comment_status":"closed","ping_status":"closed","sticky":false,"template":"","format":"standard","meta":{"footnotes":""},"categories":[4],"tags":[],"class_list":["post-8675","post","type-post","status-publish","format-standard","has-post-thumbnail","hentry","category-mundo"],"_links":{"self":[{"href":"https:\/\/www.elregional.cl\/index.php?rest_route=\/wp\/v2\/posts\/8675","targetHints":{"allow":["GET"]}}],"collection":[{"href":"https:\/\/www.elregional.cl\/index.php?rest_route=\/wp\/v2\/posts"}],"about":[{"href":"https:\/\/www.elregional.cl\/index.php?rest_route=\/wp\/v2\/types\/post"}],"author":[{"embeddable":true,"href":"https:\/\/www.elregional.cl\/index.php?rest_route=\/wp\/v2\/users\/2"}],"replies":[{"embeddable":true,"href":"https:\/\/www.elregional.cl\/index.php?rest_route=%2Fwp%2Fv2%2Fcomments&post=8675"}],"version-history":[{"count":2,"href":"https:\/\/www.elregional.cl\/index.php?rest_route=\/wp\/v2\/posts\/8675\/revisions"}],"predecessor-version":[{"id":8679,"href":"https:\/\/www.elregional.cl\/index.php?rest_route=\/wp\/v2\/posts\/8675\/revisions\/8679"}],"wp:featuredmedia":[{"embeddable":true,"href":"https:\/\/www.elregional.cl\/index.php?rest_route=\/wp\/v2\/media\/8676"}],"wp:attachment":[{"href":"https:\/\/www.elregional.cl\/index.php?rest_route=%2Fwp%2Fv2%2Fmedia&parent=8675"}],"wp:term":[{"taxonomy":"category","embeddable":true,"href":"https:\/\/www.elregional.cl\/index.php?rest_route=%2Fwp%2Fv2%2Fcategories&post=8675"},{"taxonomy":"post_tag","embeddable":true,"href":"https:\/\/www.elregional.cl\/index.php?rest_route=%2Fwp%2Fv2%2Ftags&post=8675"}],"curies":[{"name":"wp","href":"https:\/\/api.w.org\/{rel}","templated":true}]}}