{"id":87,"date":"2024-07-24T14:22:30","date_gmt":"2024-07-24T14:22:30","guid":{"rendered":"https:\/\/www.elregional.cl\/?p=87"},"modified":"2024-07-24T14:22:30","modified_gmt":"2024-07-24T14:22:30","slug":"sma-exige-medidas-a-parque-eolico-ante-colisiones-de-condores-con-torres","status":"publish","type":"post","link":"https:\/\/www.elregional.cl\/?p=87","title":{"rendered":"SMA exige medidas a parque e\u00f3lico ante colisiones de c\u00f3ndores con torres"},"content":{"rendered":"<p>La Superintendencia de Medio Ambiente (SMA) orden\u00f3 al Parque E\u00f3lico Talinay, ubicado en la comuna de Ovalle, la adopci\u00f3n de\u00a0<strong>medidas urgentes en un plazo de 60 d\u00edas ante las denuncias de la colisi\u00f3n de al menos nueve c\u00f3ndores que han muerto en el lugar<\/strong>.<\/p>\n<p>El parque e\u00f3lico tiene 77 aerogeneradores, cada uno con 90 metros de di\u00e1metro del rotor y una altura de 80 metros. Y se contempla la construcci\u00f3n de l\u00edneas de transmisi\u00f3n subterr\u00e1nea y a\u00e9rea, una subestaci\u00f3n el\u00e9ctrica, dos miradores y un centro cultural abierto.<\/p>\n<p>Seg\u00fan inform\u00f3\u00a0<em>Emol<\/em>, la SMA resalt\u00f3 que el permiso ambiental del proyecto en la Regi\u00f3n de Coquimbo establece el\u00a0<strong>compromiso por parte de su titular de llevar un registro de la avifauna que eventualmente pudiera ser impactada<\/strong>\u00a0y, en el caso que se sobrepase la tasa de colisi\u00f3n de aves establecida en la evaluaci\u00f3n, se debe informar y proceder a la instalaci\u00f3n de disuasores de emisi\u00f3n de ultrasonidos, entre otras medidas.<\/p>\n<div>\n<div class=\"modulo-lee\">\n<div class=\"contenedor-rotulo-seccion\"><\/div>\n<\/div>\n<\/div>\n","protected":false},"excerpt":{"rendered":"<p>La Superintendencia de Medio Ambiente (SMA) orden\u00f3 al Parque E\u00f3lico Talinay, ubicado en la comuna de Ovalle, la adopci\u00f3n de\u00a0medidas urgentes en un plazo de 60 d\u00edas ante las denuncias de la colisi\u00f3n de al menos nueve c\u00f3ndores que han muerto en el lugar. El parque e\u00f3lico tiene 77 aerogeneradores, cada uno con 90 metros &hellip;<\/p>\n","protected":false},"author":2,"featured_media":0,"comment_status":"closed","ping_status":"closed","sticky":false,"template":"","format":"standard","meta":{"footnotes":""},"categories":[2],"tags":[],"class_list":["post-87","post","type-post","status-publish","format-standard","hentry","category-regionales"],"_links":{"self":[{"href":"https:\/\/www.elregional.cl\/index.php?rest_route=\/wp\/v2\/posts\/87","targetHints":{"allow":["GET"]}}],"collection":[{"href":"https:\/\/www.elregional.cl\/index.php?rest_route=\/wp\/v2\/posts"}],"about":[{"href":"https:\/\/www.elregional.cl\/index.php?rest_route=\/wp\/v2\/types\/post"}],"author":[{"embeddable":true,"href":"https:\/\/www.elregional.cl\/index.php?rest_route=\/wp\/v2\/users\/2"}],"replies":[{"embeddable":true,"href":"https:\/\/www.elregional.cl\/index.php?rest_route=%2Fwp%2Fv2%2Fcomments&post=87"}],"version-history":[{"count":1,"href":"https:\/\/www.elregional.cl\/index.php?rest_route=\/wp\/v2\/posts\/87\/revisions"}],"predecessor-version":[{"id":89,"href":"https:\/\/www.elregional.cl\/index.php?rest_route=\/wp\/v2\/posts\/87\/revisions\/89"}],"wp:attachment":[{"href":"https:\/\/www.elregional.cl\/index.php?rest_route=%2Fwp%2Fv2%2Fmedia&parent=87"}],"wp:term":[{"taxonomy":"category","embeddable":true,"href":"https:\/\/www.elregional.cl\/index.php?rest_route=%2Fwp%2Fv2%2Fcategories&post=87"},{"taxonomy":"post_tag","embeddable":true,"href":"https:\/\/www.elregional.cl\/index.php?rest_route=%2Fwp%2Fv2%2Ftags&post=87"}],"curies":[{"name":"wp","href":"https:\/\/api.w.org\/{rel}","templated":true}]}}