{"id":8782,"date":"2025-08-13T14:32:50","date_gmt":"2025-08-13T14:32:50","guid":{"rendered":"https:\/\/www.elregional.cl\/?p=8782"},"modified":"2025-08-13T14:32:50","modified_gmt":"2025-08-13T14:32:50","slug":"nos-estamos-cocinando-vivos-europa-arde-por-incendios-forestales-mientras-las-temperaturas-superan-los-38-c","status":"publish","type":"post","link":"https:\/\/www.elregional.cl\/?p=8782","title":{"rendered":"\u201cNos estamos cocinando vivos\u201d: Europa arde por incendios forestales mientras las temperaturas superan los 38 \u00b0C"},"content":{"rendered":"<header class=\"header__wrapper-outer\">\n<div class=\"header__wrapper-inner\" data-editable=\"header\">\n<nav id=\"pageHeader\" class=\"header cnn-app-display-none\" data-uri=\"es.cms.cnn.com\/_components\/header\/instances\/cnne-mundo-v1@published\" data-editable=\"settings\" data-analytics-aggregate-events=\"true\">\n<div class=\"header__inner\">\n<div class=\"header__subnav-mount\">\n<div class=\"header__container\">\n<div class=\"header__left\">\n<div class=\"brand-logo\" data-uri=\"es.cms.cnn.com\/_components\/brand-logo\/instances\/new-cnne-mundo-header-v1@published\" data-editable=\"settings\"><\/div>\n<\/div>\n<\/div>\n<\/div>\n<\/div>\n<\/nav>\n<\/div>\n<\/header>\n<div class=\"layout__content-wrapper layout-with-rail__content-wrapper\">\n<section class=\"layout__wrapper layout-with-rail__wrapper\" data-sticky-anchor-pos=\"top\" data-sticky-anchor-condition-type=\"pageType,subsection\" data-sticky-anchor-condition-value=\"article,!elections\" data-sticky-anchor-priority=\"1\">\n<section class=\"layout__main-wrapper layout-with-rail__main-wrapper\">\n<section class=\"layout__main layout-with-rail__main\" data-editable=\"main\" data-track-zone=\"main\" data-reorderable=\"main\">\n<article class=\"article\" role=\"main\" data-uri=\"es.cms.cnn.com\/_components\/article\/instances\/cme97uqdc002n28qd4de92piz@published\" data-drag-disable=\"true\" data-unselectable=\"true\" data-show-regwall=\"false\" data-show-paywall=\"false\" data-subscription-only=\"false\">\n<section class=\"body tabcontent active\" data-tabcontent=\"Content\"><main class=\"article__main\"><\/p>\n<div class=\"article__content-container\">\n<div class=\"article__content\" data-editable=\"content\" data-reorderable=\"content\">\n<div class=\"source vossi-source inline-placeholder\" data-uri=\"es.cms.cnn.com\/_components\/source\/instances\/cme97uqdc002l28qdbs4m1hn0@published\" data-component-name=\"source\" data-article-gutter=\"true\"><cite class=\"source__cite vossi-source__cite\"><span class=\"source__text\" data-editable=\"source\">CNN<\/span>\u00a0\u2014\u00a0<\/cite><\/div>\n<p class=\"paragraph inline-placeholder vossi-paragraph\" data-uri=\"es.cms.cnn.com\/_components\/paragraph\/instances\/cme97uqdc002m28qd3sx0cvdo@published\" data-editable=\"text\" data-component-name=\"paragraph\" data-article-gutter=\"true\" data-analytics-observe=\"on\">Europa se encamina a su peor temporada de incendios forestales registrada, mientras vastas zonas del continente \u2014que incluye algunas de Francia, Espa\u00f1a, Albania, Portugal y Grecia\u2014 combaten incendios feroces y mortales\u00a0<a href=\"https:\/\/www.cnn.com\/2025\/07\/01\/weather\/europe-heat-wave-global-warming\">con temperaturas que superan los 38 \u00b0C<\/a>.<\/p>\n<p class=\"paragraph inline-placeholder vossi-paragraph\" data-uri=\"es.cms.cnn.com\/_components\/paragraph\/instances\/cme97zj4z0007356nxl1d3dh1@published\" data-editable=\"text\" data-component-name=\"paragraph\" data-article-gutter=\"true\" data-analytics-observe=\"on\">Los incendios forestales no son inusuales en Europa, pero la crisis clim\u00e1tica causa un clima m\u00e1s c\u00e1lido y seco, lo que sienta las bases para temporadas de incendios m\u00e1s intensas.<\/p>\n<div class=\"quantum-wrapper ad-slot-wrapper qtm-element \" data-ad-id=\"ad_rect_btf_06\" data-ad-position=\"mobile\">\n<div id=\"ad_rect_btf_06\" class=\"qtm-slot-inner ad-qtm adfuel-rendered\" data-ad-text=\"show\" data-ad-refresh=\"adbody\" data-google-query-id=\"CIqg2Z7_h48DFTBJuAQd3rEFrg\">\n<div id=\"google_ads_iframe_\/21756062855\/Espanol\/world\/leaf\/vls_1__container__\"><\/div>\n<\/div>\n<\/div>\n<p class=\"paragraph inline-placeholder vossi-paragraph\" data-uri=\"es.cms.cnn.com\/_components\/paragraph\/instances\/cme97zj4z0008356npgnevsup@published\" data-editable=\"text\" data-component-name=\"paragraph\" data-article-gutter=\"true\" data-analytics-observe=\"on\">Los incendios en el continente han quemado m\u00e1s hect\u00e1reas en lo que va de a\u00f1o que en cualquiera de los \u00faltimos 19 a\u00f1os, seg\u00fan un an\u00e1lisis de CNN de datos del Sistema Europeo de Informaci\u00f3n sobre Incendios Forestales.<\/p>\n<div class=\"related-content related-content--video\" data-uri=\"es.cms.cnn.com\/_components\/related-content\/instances\/cme98hp440013356nuf3374pc@published\" data-component-name=\"related-content\" data-article-gutter=\"true\" data-analytics-observe=\"on\">\n<div class=\"related-content__image image__related-content\">\n<div class=\"image image__hide-placeholder image--eq-extra-small\" data-uri=\"es.cms.cnn.com\/_components\/image\/instances\/cme6ve87y00ir27nu49iw9to0@published\" data-image-variation=\"image\" data-name=\"still-21856521-57345-818999999996-still.jpg\" data-component-name=\"image\" data-observe-resizes=\"\" data-breakpoints=\"{&quot;image--eq-extra-small&quot;: 115, &quot;image--eq-small&quot;: 300, &quot;image--eq-large&quot;: 660}\" data-original-ratio=\"0.5625\" data-original-height=\"720\" data-original-width=\"1280\" data-url=\"https:\/\/media.cnn.com\/api\/v1\/images\/stellar\/prod\/still-21856521-57345-818999999996-still-20250811084525857.jpg?c=original\" data-editable=\"settings\">\n<div class=\"image__container \" data-image-variation=\"image\" data-breakpoints=\"{&quot;image--eq-extra-small&quot;: 115, &quot;image--eq-small&quot;: 300, &quot;image--show-credits&quot;: 525}\"><picture class=\"image__picture\"><img loading=\"lazy\" decoding=\"async\" class=\"image__dam-img\" src=\"https:\/\/media.cnn.com\/api\/v1\/images\/stellar\/prod\/still-21856521-57345-818999999996-still-20250811084525857.jpg?c=16x9&amp;q=h_144,w_256,c_fill\" alt=\"still-21856521-57345-818999999996-still.jpg\" width=\"1280\" height=\"720\" \/><\/picture><\/div>\n<div class=\"image__metadata\"><\/div>\n<\/div>\n<div class=\"image__label image__label--type-video image__label--small image__label--visible\">Los vecinos entran en acci\u00f3n en Europa ante la amenaza de los incendios forestales a sus hogares<\/div>\n<\/div>\n<\/div>\n<p class=\"paragraph inline-placeholder vossi-paragraph\" data-uri=\"es.cms.cnn.com\/_components\/paragraph\/instances\/cme97zj500009356nm7195dfu@published\" data-editable=\"text\" data-component-name=\"paragraph\" data-article-gutter=\"true\" data-analytics-observe=\"on\">Casi 971.246 hect\u00e1reas han sido consumidas por los incendios hasta la fecha, m\u00e1s del doble de la cantidad promedio de tierra quemada \u2014que normalmente ser\u00eda poco m\u00e1s de 350.056 hect\u00e1reas a principios de agosto\u2014, lo que pone a 2025 en camino de ser la temporada de incendios forestales m\u00e1s extensa de Europa hasta la fecha.<\/p>\n<p class=\"paragraph inline-placeholder vossi-paragraph\" data-uri=\"es.cms.cnn.com\/_components\/paragraph\/instances\/cme97zj50000a356nh39ftz0a@published\" data-editable=\"text\" data-component-name=\"paragraph\" data-article-gutter=\"true\" data-analytics-observe=\"on\">En Espa\u00f1a, cerca de\u00a0<a href=\"https:\/\/x.com\/UMEgob\/status\/1955205928745087341\" target=\"_blank\" rel=\"noopener\">1.000 bomberos<\/a>\u00a0han sido desplegados por todo el pa\u00eds y los incendios han provocado que miles de personas reciban \u00f3rdenes de evacuaci\u00f3n.<\/p>\n<p class=\"paragraph inline-placeholder vossi-paragraph\" data-uri=\"es.cms.cnn.com\/_components\/paragraph\/instances\/cme97zj50000b356naxzlv2i2@published\" data-editable=\"text\" data-component-name=\"paragraph\" data-article-gutter=\"true\" data-analytics-observe=\"on\">Un gran incendio se desat\u00f3 en Tres Cantos, cerca de Madrid, el lunes, quemando m\u00e1s de 1.000 hect\u00e1reas y matando a un hombre, quien falleci\u00f3 en el hospital tras sufrir quemaduras en el 98 % de su cuerpo, seg\u00fan un\u00a0<a href=\"https:\/\/www.reuters.com\/sustainability\/climate-energy\/cooked-alive-europes-wildfires-hit-tourism-spots-forests-2025-08-12\/\" target=\"_blank\" rel=\"noopener\">informe<\/a>\u00a0de Reuters.<\/p>\n<p class=\"paragraph inline-placeholder vossi-paragraph\" data-uri=\"es.cms.cnn.com\/_components\/paragraph\/instances\/cme97zj50000c356ncpay7nmj@published\" data-editable=\"text\" data-component-name=\"paragraph\" data-article-gutter=\"true\" data-analytics-observe=\"on\">El incendio hab\u00eda sido contenido en gran parte para el martes, pero docenas de incendios segu\u00edan activos en otros lugares, incluyendo la regi\u00f3n noroeste de Castilla y Le\u00f3n.<\/p>\n<div class=\"quantum-wrapper ad-slot-wrapper qtm-element \" data-ad-id=\"ad_rect_btf_07\" data-ad-position=\"mobile\">\n<div id=\"ad_rect_btf_07\" class=\"qtm-slot-inner ad-qtm adfuel-rendered\" data-ad-text=\"show\" data-ad-refresh=\"adbody\" data-google-query-id=\"COz_56L_h48DFctMuAQdTaQumA\">\n<div id=\"google_ads_iframe_\/21756062855\/Espanol\/world\/leaf\/vls_2__container__\"><\/div>\n<\/div>\n<\/div>\n<p class=\"paragraph inline-placeholder vossi-paragraph\" data-uri=\"es.cms.cnn.com\/_components\/paragraph\/instances\/cme97zj50000d356n4f86hwfm@published\" data-editable=\"text\" data-component-name=\"paragraph\" data-article-gutter=\"true\" data-analytics-observe=\"on\">En el sur de Espa\u00f1a, alrededor de 2.000 personas, incluyendo turistas, han sido evacuadas de la popular ciudad de Tarifa mientras un incendio forestal ard\u00eda a la vista de las playas. El famoso chef Jos\u00e9 Andr\u00e9s\u00a0<a href=\"https:\/\/www.instagram.com\/p\/DNQRCECxQNg\/?hl=en&amp;img_index=1\" target=\"_blank\" rel=\"noopener\">public\u00f3<\/a>\u00a0im\u00e1genes el martes desde la zona mostrando llamas en las laderas.<\/p>\n<\/div>\n<\/div>\n<p><\/main><\/section>\n<\/article>\n<\/section>\n<\/section>\n<\/section>\n<\/div>\n","protected":false},"excerpt":{"rendered":"<p>CNN\u00a0\u2014\u00a0 Europa se encamina a su peor temporada de incendios forestales registrada, mientras vastas zonas del continente \u2014que incluye algunas de Francia, Espa\u00f1a, Albania, Portugal y Grecia\u2014 combaten incendios feroces y mortales\u00a0con temperaturas que superan los 38 \u00b0C. Los incendios forestales no son inusuales en Europa, pero la crisis clim\u00e1tica causa un clima m\u00e1s c\u00e1lido &hellip;<\/p>\n","protected":false},"author":2,"featured_media":8783,"comment_status":"closed","ping_status":"closed","sticky":false,"template":"","format":"standard","meta":{"footnotes":""},"categories":[4],"tags":[],"class_list":["post-8782","post","type-post","status-publish","format-standard","has-post-thumbnail","hentry","category-mundo"],"_links":{"self":[{"href":"https:\/\/www.elregional.cl\/index.php?rest_route=\/wp\/v2\/posts\/8782","targetHints":{"allow":["GET"]}}],"collection":[{"href":"https:\/\/www.elregional.cl\/index.php?rest_route=\/wp\/v2\/posts"}],"about":[{"href":"https:\/\/www.elregional.cl\/index.php?rest_route=\/wp\/v2\/types\/post"}],"author":[{"embeddable":true,"href":"https:\/\/www.elregional.cl\/index.php?rest_route=\/wp\/v2\/users\/2"}],"replies":[{"embeddable":true,"href":"https:\/\/www.elregional.cl\/index.php?rest_route=%2Fwp%2Fv2%2Fcomments&post=8782"}],"version-history":[{"count":1,"href":"https:\/\/www.elregional.cl\/index.php?rest_route=\/wp\/v2\/posts\/8782\/revisions"}],"predecessor-version":[{"id":8784,"href":"https:\/\/www.elregional.cl\/index.php?rest_route=\/wp\/v2\/posts\/8782\/revisions\/8784"}],"wp:featuredmedia":[{"embeddable":true,"href":"https:\/\/www.elregional.cl\/index.php?rest_route=\/wp\/v2\/media\/8783"}],"wp:attachment":[{"href":"https:\/\/www.elregional.cl\/index.php?rest_route=%2Fwp%2Fv2%2Fmedia&parent=8782"}],"wp:term":[{"taxonomy":"category","embeddable":true,"href":"https:\/\/www.elregional.cl\/index.php?rest_route=%2Fwp%2Fv2%2Fcategories&post=8782"},{"taxonomy":"post_tag","embeddable":true,"href":"https:\/\/www.elregional.cl\/index.php?rest_route=%2Fwp%2Fv2%2Ftags&post=8782"}],"curies":[{"name":"wp","href":"https:\/\/api.w.org\/{rel}","templated":true}]}}