{"id":8953,"date":"2025-08-18T16:22:28","date_gmt":"2025-08-18T16:22:28","guid":{"rendered":"https:\/\/www.elregional.cl\/?p=8953"},"modified":"2025-08-18T16:22:28","modified_gmt":"2025-08-18T16:22:28","slug":"carabineros-recupera-dos-vehiculos-robados-tras-persecucion-en-la-provincia-de-choapa","status":"publish","type":"post","link":"https:\/\/www.elregional.cl\/?p=8953","title":{"rendered":"Carabineros recupera dos veh\u00edculos robados tras persecuci\u00f3n en la provincia de Choapa"},"content":{"rendered":"<div class=\"td-post-header\">\n<header class=\"td-post-title\">\n<div class=\"td-module-meta-info\"><\/div>\n<\/header>\n<\/div>\n<div class=\"td-post-content\">\n<div class=\"td-post-sharing td-post-sharing-top\">\n<div class=\"td-default-sharing\"><i class=\"td-icon-facebook\"><\/i>\u00a0<i class=\"td-icon-twitter\"><\/i>\u00a0<i class=\"td-icon-googleplus\"><\/i>\u00a0<i class=\"td-icon-pinterest\"><\/i>\u00a0<i class=\"td-icon-whatsapp\"><\/i><\/div>\n<\/div>\n<p><em><strong>DavidNoticias.cl <\/strong><\/em><\/p>\n<p><em><strong>Una intensa persecuci\u00f3n policial culmin\u00f3 con la recuperaci\u00f3n de dos veh\u00edculos que manten\u00edan encargo vigente por robo en la provincia de Choapa.<\/strong><\/em><\/p>\n<p>El procedimiento fue iniciado por personal de la Tenencia Carretera Choapa, quienes al detectar a los m\u00f3viles con irregularidades comenzaron un seguimiento por la ruta. A la acci\u00f3n se sumaron efectivos de la Subcomisar\u00eda de Los Vilos, Ret\u00e9n Pichidangui y Ret\u00e9n Canela, coordinando un operativo que permiti\u00f3 interceptar los autom\u00f3viles.<\/p>\n<p>Gracias a la r\u00e1pida reacci\u00f3n y despliegue de las distintas unidades de Carabineros, se logr\u00f3 recuperar los veh\u00edculos y continuar con las diligencias correspondientes para establecer las circunstancias del il\u00edcito y dar con los responsables.<\/p>\n<p>La instituci\u00f3n reiter\u00f3 su compromiso con la seguridad de la comunidad, destacando que este tipo de acciones buscan fortalecer la prevenci\u00f3n del delito y la restituci\u00f3n de bienes sustra\u00eddos a sus leg\u00edtimos due\u00f1os.<\/p>\n<\/div>\n","protected":false},"excerpt":{"rendered":"<p>\u00a0\u00a0\u00a0\u00a0 DavidNoticias.cl Una intensa persecuci\u00f3n policial culmin\u00f3 con la recuperaci\u00f3n de dos veh\u00edculos que manten\u00edan encargo vigente por robo en la provincia de Choapa. El procedimiento fue iniciado por personal de la Tenencia Carretera Choapa, quienes al detectar a los m\u00f3viles con irregularidades comenzaron un seguimiento por la ruta. A la acci\u00f3n se sumaron efectivos &hellip;<\/p>\n","protected":false},"author":2,"featured_media":8954,"comment_status":"closed","ping_status":"closed","sticky":false,"template":"","format":"standard","meta":{"footnotes":""},"categories":[2],"tags":[],"class_list":["post-8953","post","type-post","status-publish","format-standard","has-post-thumbnail","hentry","category-regionales"],"_links":{"self":[{"href":"https:\/\/www.elregional.cl\/index.php?rest_route=\/wp\/v2\/posts\/8953","targetHints":{"allow":["GET"]}}],"collection":[{"href":"https:\/\/www.elregional.cl\/index.php?rest_route=\/wp\/v2\/posts"}],"about":[{"href":"https:\/\/www.elregional.cl\/index.php?rest_route=\/wp\/v2\/types\/post"}],"author":[{"embeddable":true,"href":"https:\/\/www.elregional.cl\/index.php?rest_route=\/wp\/v2\/users\/2"}],"replies":[{"embeddable":true,"href":"https:\/\/www.elregional.cl\/index.php?rest_route=%2Fwp%2Fv2%2Fcomments&post=8953"}],"version-history":[{"count":1,"href":"https:\/\/www.elregional.cl\/index.php?rest_route=\/wp\/v2\/posts\/8953\/revisions"}],"predecessor-version":[{"id":8955,"href":"https:\/\/www.elregional.cl\/index.php?rest_route=\/wp\/v2\/posts\/8953\/revisions\/8955"}],"wp:featuredmedia":[{"embeddable":true,"href":"https:\/\/www.elregional.cl\/index.php?rest_route=\/wp\/v2\/media\/8954"}],"wp:attachment":[{"href":"https:\/\/www.elregional.cl\/index.php?rest_route=%2Fwp%2Fv2%2Fmedia&parent=8953"}],"wp:term":[{"taxonomy":"category","embeddable":true,"href":"https:\/\/www.elregional.cl\/index.php?rest_route=%2Fwp%2Fv2%2Fcategories&post=8953"},{"taxonomy":"post_tag","embeddable":true,"href":"https:\/\/www.elregional.cl\/index.php?rest_route=%2Fwp%2Fv2%2Ftags&post=8953"}],"curies":[{"name":"wp","href":"https:\/\/api.w.org\/{rel}","templated":true}]}}