{"id":8967,"date":"2025-08-19T07:40:57","date_gmt":"2025-08-19T07:40:57","guid":{"rendered":"https:\/\/www.elregional.cl\/?p=8967"},"modified":"2025-08-19T07:40:57","modified_gmt":"2025-08-19T07:40:57","slug":"activacion-deportiva-congrego-a-mujeres-en-la-avenida-de-aguirre-en-la-serena","status":"publish","type":"post","link":"https:\/\/www.elregional.cl\/?p=8967","title":{"rendered":"Activaci\u00f3n deportiva congreg\u00f3 a mujeres en la Avenida de Aguirre en La Serena"},"content":{"rendered":"<div class=\"et_pb_module et_pb_post_title et_pb_post_title_0_tb_body et_pb_bg_layout_light  et_pb_text_align_left\">\n<div class=\"et_pb_title_container\">\n<h1 class=\"entry-title\"><\/h1>\n<\/div>\n<\/div>\n<div class=\"et_pb_module et_pb_text et_pb_text_1_tb_body  et_pb_text_align_left et_pb_bg_layout_light\">\n<div class=\"et_pb_text_inner\">La Avenida Francisco de Aguirre en La Serena, un sector de gran valor hist\u00f3rico y social, fue el escenario de una jornada de m\u00fasica, deporte y actividad f\u00edsica en el marco del Programa de Recuperaci\u00f3n de Espacios de Alto Valor Social (PREAVS). Esta iniciativa interinstitucional, liderada por la Subsecretar\u00eda de Desarrollo Regional y Administrativo (Subdere) y el Ministerio del Deporte, busca revitalizar espacios urbanos para el uso y disfrute de la comunidad.<\/div>\n<\/div>\n<div class=\"et_pb_module et_pb_image et_pb_image_0_tb_body\"><\/div>\n<div class=\"et_pb_module et_pb_post_content et_pb_post_content_0_tb_body\">\n<p>La actividad cont\u00f3 con la participaci\u00f3n de m\u00e1s de sesenta personas, incluyendo a integrantes del programa Mujer y Deportes del Instituto Nacional de Deportes (IND). La jornada tuvo la presencia de destacadas autoridades regionales como el Seremi del Deporte, Patricio Berrios Espejo, el Director Regional del IND, Jonathan Pino Naranjo, la Directora Regional de Sernam EG, Priscilla Olivares Verasay, y el consejero regional Lombardo Toledo.<\/p>\n<p>Otilia Almendares, una de las asistentes, valor\u00f3 el evento. \u201c<em>Me parece muy bueno para nosotros, que somos personas mayores, que hagan estas actividades, sobre todo ac\u00e1 en el centro, para que no estemos escondidos en Las Compa\u00f1\u00edas, para que nos hagamos visibles y hacer deporte en espacios abiertos<\/em>\u201d, coment\u00f3.<\/p>\n<p>El Seremi del Deporte, Patricio Berrios, destac\u00f3 la importancia de estas iniciativas. \u201cLa ciudad de La Serena se caracteriza por su entorno urbano, por sus construcciones coloniales y, obviamente, ha habido un deterioro. Nosotros justamente como Gobierno estamos llevando adelante la recuperaci\u00f3n de estos espacios. Esto tiene que ver con la recuperaci\u00f3n de la gente, de la ciudadan\u00eda, de tomarse los espacios p\u00fablicos\u201d, se\u00f1al\u00f3.<\/p>\n<p>Bernardo Salinas Maya, jefe de la Unidad Regional Subdere, subray\u00f3 que el programa PREAVS es una iniciativa interinstitucional del Gobierno. \u201cSe han sumado esfuerzos financieros y colaborativos para recuperar este espacio, que es de gran importancia para nuestra comunidad. Ha sido una gran jornada, que refleja el esp\u00edritu de volver a ocupar este espacio para la comunidad\u201d, afirm\u00f3.<\/p>\n<\/div>\n","protected":false},"excerpt":{"rendered":"<p>La Avenida Francisco de Aguirre en La Serena, un sector de gran valor hist\u00f3rico y social, fue el escenario de una jornada de m\u00fasica, deporte y actividad f\u00edsica en el marco del Programa de Recuperaci\u00f3n de Espacios de Alto Valor Social (PREAVS). Esta iniciativa interinstitucional, liderada por la Subsecretar\u00eda de Desarrollo Regional y Administrativo (Subdere) &hellip;<\/p>\n","protected":false},"author":2,"featured_media":8968,"comment_status":"closed","ping_status":"closed","sticky":false,"template":"","format":"standard","meta":{"footnotes":""},"categories":[2],"tags":[],"class_list":["post-8967","post","type-post","status-publish","format-standard","has-post-thumbnail","hentry","category-regionales"],"_links":{"self":[{"href":"https:\/\/www.elregional.cl\/index.php?rest_route=\/wp\/v2\/posts\/8967","targetHints":{"allow":["GET"]}}],"collection":[{"href":"https:\/\/www.elregional.cl\/index.php?rest_route=\/wp\/v2\/posts"}],"about":[{"href":"https:\/\/www.elregional.cl\/index.php?rest_route=\/wp\/v2\/types\/post"}],"author":[{"embeddable":true,"href":"https:\/\/www.elregional.cl\/index.php?rest_route=\/wp\/v2\/users\/2"}],"replies":[{"embeddable":true,"href":"https:\/\/www.elregional.cl\/index.php?rest_route=%2Fwp%2Fv2%2Fcomments&post=8967"}],"version-history":[{"count":1,"href":"https:\/\/www.elregional.cl\/index.php?rest_route=\/wp\/v2\/posts\/8967\/revisions"}],"predecessor-version":[{"id":8969,"href":"https:\/\/www.elregional.cl\/index.php?rest_route=\/wp\/v2\/posts\/8967\/revisions\/8969"}],"wp:featuredmedia":[{"embeddable":true,"href":"https:\/\/www.elregional.cl\/index.php?rest_route=\/wp\/v2\/media\/8968"}],"wp:attachment":[{"href":"https:\/\/www.elregional.cl\/index.php?rest_route=%2Fwp%2Fv2%2Fmedia&parent=8967"}],"wp:term":[{"taxonomy":"category","embeddable":true,"href":"https:\/\/www.elregional.cl\/index.php?rest_route=%2Fwp%2Fv2%2Fcategories&post=8967"},{"taxonomy":"post_tag","embeddable":true,"href":"https:\/\/www.elregional.cl\/index.php?rest_route=%2Fwp%2Fv2%2Ftags&post=8967"}],"curies":[{"name":"wp","href":"https:\/\/api.w.org\/{rel}","templated":true}]}}