{"id":9011,"date":"2025-08-20T23:01:19","date_gmt":"2025-08-20T23:01:19","guid":{"rendered":"https:\/\/www.elregional.cl\/?p=9011"},"modified":"2025-08-20T23:01:19","modified_gmt":"2025-08-20T23:01:19","slug":"ovalle-12-anos-de-presidio-a-autor-de-robo-con-violencia","status":"publish","type":"post","link":"https:\/\/www.elregional.cl\/?p=9011","title":{"rendered":"Ovalle: 12 a\u00f1os de presidio a autor de robo con violencia"},"content":{"rendered":"<div class=\"td-post-header\">\n<header class=\"td-post-title\">\n<h1 class=\"entry-title\"><\/h1>\n<\/header>\n<\/div>\n<div class=\"td-post-content\">\n<div class=\"td-post-featured-image\"><\/div>\n<div class=\"td-post-sharing-top\">\n<div id=\"td_social_sharing_article_top\" class=\"td-post-sharing td-ps-bg td-ps-notext td-post-sharing-style1 \">\n<div class=\"td-post-sharing-visible\">\n<div class=\"td-social-but-icon\"><\/div>\n<\/div>\n<\/div>\n<\/div>\n<div class=\"td-a-rec td-a-rec-id-content_inline_mob \"><\/div>\n<p>El Tribunal de Juicio Oral en lo Penal de Ovalle conden\u00f3 a D.I.O.O. a la pena de 12 a\u00f1os de presidio efectivo, m\u00e1s las accesorias legales de inhabilitaci\u00f3n absoluta perpetua para cargos y oficios p\u00fablicos y derechos pol\u00edticos y la de inhabilitaci\u00f3n absoluta para profesiones titulares mientras dure la condena, en calidad de autor de dos delitos de robo con violencia. Il\u00edcitos perpetrado en noviembre del a\u00f1o pasado, en la comuna.<\/p>\n<p><span id=\"more-197533\"><\/span>En fallo un\u00e1nime, el tribunal \u2013integrado por las magistradas Zoila Ter\u00e1n Ar\u00e9valo (presidenta), Ana Karina Hern\u00e1ndez Mu\u00f1oz y el magistrado Claudio Weishaupt Milner (redactor)\u2013 dio por acreditado, m\u00e1s all\u00e1 de toda duda razonable, que alrededor de las 04:40 horas del 01 de noviembre de 2024, en circunstancias que la v\u00edctima se encontraba transitando por la intersecci\u00f3n de las calles David Perry y Jorge Pe\u00f1a, comuna de\u00a0<a title=\"\" href=\"https:\/\/muniovalle.cl\/sitio\/\" target=\"_blank\" rel=\"noopener nofollow\">Ovalle<\/a>, fue abordado por D.I.O.O., en compa\u00f1\u00eda de otro sujeto no individualizado, quienes portaban unos elementos contundentes con los que lo agreden, sustray\u00e9ndole una cadena de plata, un celular, una billetera, dinero en efectivo y dos chaquetas, huyendo del lugar la v\u00edctima.<\/p>\n<p>Minutos m\u00e1s tarde, alrededor de las 04:55 horas, en circunstancias que una segunda v\u00edctima se encontraba transitando por calle Jorge Pe\u00f1a, comuna de Ovalle, fue abordado por el condenado, en compa\u00f1\u00eda de otro sujeto no individualizado, quienes portaban unos elementos contundentes con los que lo golpean en su est\u00f3mago y brazos, sustray\u00e9ndole un celular, una pulsera y una cadena de plata, huyendo la v\u00edctima del lugar, quien result\u00f3 con contusi\u00f3n en el hombro izquierdo.<\/p>\n<p>En la determinaci\u00f3n de la sanci\u00f3n a imponer al condenado, el tribunal tuvo presente que: \u201cHabiendo sido condenado el acusado en calidad de autor de dos delitos de robo con violencia, de conformidad a lo se\u00f1alado en el inciso 1\u00b0 del art\u00edculo 351 del C\u00f3digo Procesal Penal, se le impondr\u00e1 la pena correspondiente a las diversas infracciones, estimadas como un solo delito, aument\u00e1ndola en uno o dos grados. Es as\u00ed que, de conformidad a lo se\u00f1alado en la regla 1 del art\u00edculo 449 del C\u00f3digo Penal, no concurriendo modificatorias de responsabilidad penal y considerando que no se acredit\u00f3 una extensi\u00f3n del mal causado que amerite la aplicaci\u00f3n de una pena de mayor entidad, adem\u00e1s de haberse recuperado parte de las especies, se aplicar\u00e1 la pena de presidio mayor en su grado m\u00ednimo, la que se aumentar\u00e1 en uno solo grado, de conformidad a la norma citada en el p\u00e1rrafo anterior, considerando que s\u00f3lo se trata de dos delitos, grado dentro del cual se regular\u00e1 en su m\u00ednimum, en raz\u00f3n de lo indicado respecto de la extensi\u00f3n del mal causado<\/p>\n<\/div>\n","protected":false},"excerpt":{"rendered":"<p>El Tribunal de Juicio Oral en lo Penal de Ovalle conden\u00f3 a D.I.O.O. a la pena de 12 a\u00f1os de presidio efectivo, m\u00e1s las accesorias legales de inhabilitaci\u00f3n absoluta perpetua para cargos y oficios p\u00fablicos y derechos pol\u00edticos y la de inhabilitaci\u00f3n absoluta para profesiones titulares mientras dure la condena, en calidad de autor de &hellip;<\/p>\n","protected":false},"author":2,"featured_media":8822,"comment_status":"closed","ping_status":"closed","sticky":false,"template":"","format":"standard","meta":{"footnotes":""},"categories":[2],"tags":[],"class_list":["post-9011","post","type-post","status-publish","format-standard","has-post-thumbnail","hentry","category-regionales"],"_links":{"self":[{"href":"https:\/\/www.elregional.cl\/index.php?rest_route=\/wp\/v2\/posts\/9011","targetHints":{"allow":["GET"]}}],"collection":[{"href":"https:\/\/www.elregional.cl\/index.php?rest_route=\/wp\/v2\/posts"}],"about":[{"href":"https:\/\/www.elregional.cl\/index.php?rest_route=\/wp\/v2\/types\/post"}],"author":[{"embeddable":true,"href":"https:\/\/www.elregional.cl\/index.php?rest_route=\/wp\/v2\/users\/2"}],"replies":[{"embeddable":true,"href":"https:\/\/www.elregional.cl\/index.php?rest_route=%2Fwp%2Fv2%2Fcomments&post=9011"}],"version-history":[{"count":1,"href":"https:\/\/www.elregional.cl\/index.php?rest_route=\/wp\/v2\/posts\/9011\/revisions"}],"predecessor-version":[{"id":9012,"href":"https:\/\/www.elregional.cl\/index.php?rest_route=\/wp\/v2\/posts\/9011\/revisions\/9012"}],"wp:featuredmedia":[{"embeddable":true,"href":"https:\/\/www.elregional.cl\/index.php?rest_route=\/wp\/v2\/media\/8822"}],"wp:attachment":[{"href":"https:\/\/www.elregional.cl\/index.php?rest_route=%2Fwp%2Fv2%2Fmedia&parent=9011"}],"wp:term":[{"taxonomy":"category","embeddable":true,"href":"https:\/\/www.elregional.cl\/index.php?rest_route=%2Fwp%2Fv2%2Fcategories&post=9011"},{"taxonomy":"post_tag","embeddable":true,"href":"https:\/\/www.elregional.cl\/index.php?rest_route=%2Fwp%2Fv2%2Ftags&post=9011"}],"curies":[{"name":"wp","href":"https:\/\/api.w.org\/{rel}","templated":true}]}}