{"id":9070,"date":"2025-08-21T21:22:11","date_gmt":"2025-08-21T21:22:11","guid":{"rendered":"https:\/\/www.elregional.cl\/?p=9070"},"modified":"2025-08-21T21:22:11","modified_gmt":"2025-08-21T21:22:11","slug":"empresas-locales-participan-en-jornada-sobre-exportacion-y-servicios-logisticos-en-el-puerto-de-coquimbo","status":"publish","type":"post","link":"https:\/\/www.elregional.cl\/?p=9070","title":{"rendered":"Empresas locales participan en jornada sobre exportaci\u00f3n y servicios log\u00edsticos en el Puerto de Coquimbo"},"content":{"rendered":"<p>&nbsp;<\/p>\n<p>La actividad, organizada por la Comunidad Log\u00edstica Portuaria de Coquimbo (CLPC) en el marco de un proyecto apoyado por Corfo, reuni\u00f3 a pymes del sector minero y transporte para entregar herramientas en exportaci\u00f3n y log\u00edstica.<\/p>\n<p>M\u00e1s de 20 pymes y empresas de mayor tama\u00f1o locales vinculadas principalmente al transporte y la peque\u00f1a miner\u00eda participaron en el evento \u201cExportaci\u00f3n Sector Miner\u00eda y Servicios Log\u00edsticos Locales\u201d, organizado por la Comunidad Log\u00edstica Portuaria de Coquimbo en Terminal Puerto Coquimbo (TPC). La jornada tuvo como objetivo apoyar el emprendimiento local mediante la entrega de herramientas pr\u00e1cticas sobre los procesos de exportaci\u00f3n.<\/p>\n<p>El evento cont\u00f3 con exposiciones de la CLPC, la Empresa Portuaria Coquimbo (EPCO), Ulog, Aduanas y TPC, quienes compartieron informaci\u00f3n clave sobre gesti\u00f3n log\u00edstica para la industria minera, adem\u00e1s de destacar las oportunidades que abre el nuevo Sitio 3 del puerto. Inaugurada en diciembre de 2023, esta infraestructura habilit\u00f3 a TPC a atender buques de l\u00ednea de contenedores y con eso nuevas oportunidades para la regi\u00f3n y su comercio exterior.<\/p>\n<p>Benita Mon\u00e1rdez, gerente general de la CLPC, se\u00f1al\u00f3 que \u201ccon este proyecto podemos acercar el puerto a los distintos sectores productivos de la regi\u00f3n, generando una log\u00edstica integral local que, sin duda, se transformar\u00e1 en un aporte real para la zona\u201d.<\/p>\n<p>El director regional de Corfo, Andr\u00e9s Zurita, agreg\u00f3 que, \u201cesta actividad se enmarca en un programa de red de proveedores que busca mejorar el encadenamiento productivo del puerto. Contamos con la participaci\u00f3n de instituciones como Aduanas, que entregaron informaci\u00f3n clave para potenciar la salida de productos mineros desde la regi\u00f3n, contribuyendo a la sostenibilidad y a la disminuci\u00f3n de la huella de carbono. Esto nos permite proyectar el desarrollo de un hub regional de exportaci\u00f3n desde el puerto de Coquimbo\u201d.<\/p>\n<p>Asimismo, en el marco de esta actividad, se dio a conocer el acuerdo de colaboraci\u00f3n firmado recientemente entre el Centro de Negocios de Sercotec Coquimbo y la CLPC, con el objetivo de vincular al puerto con proveedores locales y promover la consolidaci\u00f3n de carga en la regi\u00f3n.<\/p>\n<p>Ernesto Piwonka, gerente general de EPCO, destac\u00f3 que \u201cesta actividad tuvo como objetivo dar a conocer las nuevas potencialidades que tiene el puerto y lo que puede ofrecer en t\u00e9rminos de infraestructura y servicios, adem\u00e1s de permitirnos recoger las inquietudes de exportadores e importadores, as\u00ed como sus necesidades, con el fin de avanzar hacia un puerto m\u00e1s eficiente y moderno\u201d.<\/p>\n<p>La subgerente comercial de TPC, Macarena Lemus, afirm\u00f3 que: \u201cTPC ha sido hist\u00f3ricamente reconocido por la exportaci\u00f3n de concentrado de cobre, pero hoy, con el Sitio 3, podemos convertirnos en una soluci\u00f3n log\u00edstica integral para la industria minera de Chile y Argentina, tanto en graneles como en subproductos, adem\u00e1s de participar en la log\u00edstica de importaci\u00f3n de suministros estrat\u00e9gicos para el desarrollo minero\u201d.<\/p>\n","protected":false},"excerpt":{"rendered":"<p>&nbsp; La actividad, organizada por la Comunidad Log\u00edstica Portuaria de Coquimbo (CLPC) en el marco de un proyecto apoyado por Corfo, reuni\u00f3 a pymes del sector minero y transporte para entregar herramientas en exportaci\u00f3n y log\u00edstica. M\u00e1s de 20 pymes y empresas de mayor tama\u00f1o locales vinculadas principalmente al transporte y la peque\u00f1a miner\u00eda participaron &hellip;<\/p>\n","protected":false},"author":2,"featured_media":9071,"comment_status":"closed","ping_status":"closed","sticky":false,"template":"","format":"standard","meta":{"footnotes":""},"categories":[2],"tags":[],"class_list":["post-9070","post","type-post","status-publish","format-standard","has-post-thumbnail","hentry","category-regionales"],"_links":{"self":[{"href":"https:\/\/www.elregional.cl\/index.php?rest_route=\/wp\/v2\/posts\/9070","targetHints":{"allow":["GET"]}}],"collection":[{"href":"https:\/\/www.elregional.cl\/index.php?rest_route=\/wp\/v2\/posts"}],"about":[{"href":"https:\/\/www.elregional.cl\/index.php?rest_route=\/wp\/v2\/types\/post"}],"author":[{"embeddable":true,"href":"https:\/\/www.elregional.cl\/index.php?rest_route=\/wp\/v2\/users\/2"}],"replies":[{"embeddable":true,"href":"https:\/\/www.elregional.cl\/index.php?rest_route=%2Fwp%2Fv2%2Fcomments&post=9070"}],"version-history":[{"count":1,"href":"https:\/\/www.elregional.cl\/index.php?rest_route=\/wp\/v2\/posts\/9070\/revisions"}],"predecessor-version":[{"id":9072,"href":"https:\/\/www.elregional.cl\/index.php?rest_route=\/wp\/v2\/posts\/9070\/revisions\/9072"}],"wp:featuredmedia":[{"embeddable":true,"href":"https:\/\/www.elregional.cl\/index.php?rest_route=\/wp\/v2\/media\/9071"}],"wp:attachment":[{"href":"https:\/\/www.elregional.cl\/index.php?rest_route=%2Fwp%2Fv2%2Fmedia&parent=9070"}],"wp:term":[{"taxonomy":"category","embeddable":true,"href":"https:\/\/www.elregional.cl\/index.php?rest_route=%2Fwp%2Fv2%2Fcategories&post=9070"},{"taxonomy":"post_tag","embeddable":true,"href":"https:\/\/www.elregional.cl\/index.php?rest_route=%2Fwp%2Fv2%2Ftags&post=9070"}],"curies":[{"name":"wp","href":"https:\/\/api.w.org\/{rel}","templated":true}]}}