{"id":9086,"date":"2025-08-21T23:50:38","date_gmt":"2025-08-21T23:50:38","guid":{"rendered":"https:\/\/www.elregional.cl\/?p=9086"},"modified":"2025-08-21T23:50:38","modified_gmt":"2025-08-21T23:50:38","slug":"doble-medallista-en-los-panamericanos-junior-habla-de-su-origen-ecuatoriano-y-realza-la-figura-de-kristel-kobrich","status":"publish","type":"post","link":"https:\/\/www.elregional.cl\/?p=9086","title":{"rendered":"Doble medallista en los Panamericanos Junior habla de su \u00aborigen\u00bb ecuatoriano y realza la figura de Kristel K\u00f6brich"},"content":{"rendered":"<div class=\"div_titulo\">\n<h1 id=\"ucDetalle_TituloNoticia\"><\/h1>\n<\/div>\n<div id=\"ucDetalle_CuerpoNoticia\" class=\"cuerpo_noticia cuerpo_noti_height_full\">\n<div>Emol.cl<\/div>\n<div><\/div>\n<div>Edhy Vargas brill\u00f3 en los Juegos Panamericanos Junior de Asunci\u00f3n. <b>Obtuvo dos medallas.\u00a0<\/b>Bronce en los 200 metros espalda y en el relevo 4&#215;200 libre masculino.<\/div>\n<div><\/div>\n<div>En los 200 espalda, adem\u00e1s, el deportista de 18 a\u00f1os rompi\u00f3 el r\u00e9cord chileno absoluto que le pertenec\u00eda a \u00e9l.\u00a0<b>Hizo un tiempo de 2:00.85.<\/b><\/div>\n<div><\/div>\n<div><\/div>\n<div>\u00abLogr\u00e9 bajar mi marca por dos segundos a lo que ten\u00eda a principios de a\u00f1o. Me puso muy contento hacer esa marca, acercarme a la marca para los mundiales, para varias competencias y posicionarse a nivel internacional\u00bb, dijo Vargas este jueves en entrevista con Agenda Deportes de Emol TV.<\/div>\n<div><\/div>\n<div>\u00abEsto fue mucho m\u00e1s de lo que yo esperaba.\u00a0<b>Estaba posicionado cuarto en los tiempos finales, as\u00ed que no se ten\u00eda en cuenta un tercer lugar y por 20 cent\u00e9simas no obtuve la plata.\u00a0<\/b>El tiempo esperaba bajarlo, pero no tanto\u00bb, a\u00f1adi\u00f3.<\/div>\n<div><\/div>\n<div>El joven cont\u00f3 su historia.\u00a0<b>Tiene ra\u00edces ecuatorianas, aunque nunca ha dudado sobre qu\u00e9 pa\u00eds representar.<\/b><\/div>\n<div><\/div>\n<div><b>\u00abMis padres son de Ecuador. Ellos llevan bastante tiempo ac\u00e1. Yo me siento chileno.<\/b>\u00a0Amo a la familia de Ecuador, pero toda mi vida he vivido en Chile\u00bb, manifest\u00f3.<\/div>\n<div><\/div>\n<div>Parti\u00f3 en la nataci\u00f3n cuando ten\u00eda nueve a\u00f1os y gracias a su colegio.<\/div>\n<div><\/div>\n<div>Recuerda que les hac\u00edan clases en una piscina peque\u00f1a.\u00a0<b>All\u00ed le vieron potencial.<\/b><\/div>\n<div><\/div>\n<div><b>\u00abEl que en ese momento era el profesor de educaci\u00f3n f\u00edsica vio que me desplazaba m\u00e1s r\u00e1pido que los dem\u00e1s y en base a ello me ayud\u00f3 para irme a probar un club.<\/b>\u00a0Empec\u00e9 a nadar, entrenar. Surgieron unos campeonatos y el amor a la nataci\u00f3n. Ese profesor sigue en el colegio. \u00c9l me entren\u00f3 los primeros a\u00f1os. Ahora est\u00e1 orgulloso, sigue viendo c\u00f3mo voy avanzando\u00bb, manifest\u00f3.<\/div>\n<div><\/div>\n<div>Poco a poco fue progresando. Acumulando medallas y mejorando marcas.<\/div>\n<div><\/div>\n<div>Hace poco estuvo en el Mundial de Singapur.\u00a0<b>All\u00ed coincidi\u00f3 con Kristel K\u00f6brich. Vargas destac\u00f3 a la hist\u00f3rica deportista.<\/b><\/div>\n<div><b>\u00a0<\/b><\/div>\n<div><b>\u00abEs s\u00faper incre\u00edble ver c\u00f3mo compite. Es impresionante. C\u00f3mo deja posicionado a Chile a nivel mundial<\/b>. Yo lo noto. No se rinde, compite, compite y compite. Es un ejemplo a seguir por todo lo que ha logrado, ojal\u00e1 estar al mismo nivel de ella internacionalmente\u00bb, manifest\u00f3.<\/div>\n<div><\/div>\n<div>Vargas se levanta todos los d\u00edas a las cinco de la ma\u00f1ana para entrenar. Hace doble turno. Quiere seguir creciendo.\u00a0<b>Para eso, apunta a salir al extranjero y tiene un destino en mente.<\/b><\/div>\n<div><\/div>\n<div><b>\u00abQuiero ir a Estados Unidos porque tiene muy buen nivel de nataci\u00f3n, algo alejado a Sudam\u00e9rica<\/b>. La idea es ir a buscar donde est\u00e9n los mejores. Lo veo por el tema de la universidad, me voy a ir a estudiar, he visto una que otra universidad, aunque estoy en proceso\u00bb, afirm\u00f3.<\/div>\n<\/div>\n","protected":false},"excerpt":{"rendered":"<p>Emol.cl Edhy Vargas brill\u00f3 en los Juegos Panamericanos Junior de Asunci\u00f3n. Obtuvo dos medallas.\u00a0Bronce en los 200 metros espalda y en el relevo 4&#215;200 libre masculino. En los 200 espalda, adem\u00e1s, el deportista de 18 a\u00f1os rompi\u00f3 el r\u00e9cord chileno absoluto que le pertenec\u00eda a \u00e9l.\u00a0Hizo un tiempo de 2:00.85. \u00abLogr\u00e9 bajar mi marca por &hellip;<\/p>\n","protected":false},"author":2,"featured_media":9087,"comment_status":"closed","ping_status":"closed","sticky":false,"template":"","format":"standard","meta":{"footnotes":""},"categories":[5],"tags":[],"class_list":["post-9086","post","type-post","status-publish","format-standard","has-post-thumbnail","hentry","category-deportes"],"_links":{"self":[{"href":"https:\/\/www.elregional.cl\/index.php?rest_route=\/wp\/v2\/posts\/9086","targetHints":{"allow":["GET"]}}],"collection":[{"href":"https:\/\/www.elregional.cl\/index.php?rest_route=\/wp\/v2\/posts"}],"about":[{"href":"https:\/\/www.elregional.cl\/index.php?rest_route=\/wp\/v2\/types\/post"}],"author":[{"embeddable":true,"href":"https:\/\/www.elregional.cl\/index.php?rest_route=\/wp\/v2\/users\/2"}],"replies":[{"embeddable":true,"href":"https:\/\/www.elregional.cl\/index.php?rest_route=%2Fwp%2Fv2%2Fcomments&post=9086"}],"version-history":[{"count":1,"href":"https:\/\/www.elregional.cl\/index.php?rest_route=\/wp\/v2\/posts\/9086\/revisions"}],"predecessor-version":[{"id":9088,"href":"https:\/\/www.elregional.cl\/index.php?rest_route=\/wp\/v2\/posts\/9086\/revisions\/9088"}],"wp:featuredmedia":[{"embeddable":true,"href":"https:\/\/www.elregional.cl\/index.php?rest_route=\/wp\/v2\/media\/9087"}],"wp:attachment":[{"href":"https:\/\/www.elregional.cl\/index.php?rest_route=%2Fwp%2Fv2%2Fmedia&parent=9086"}],"wp:term":[{"taxonomy":"category","embeddable":true,"href":"https:\/\/www.elregional.cl\/index.php?rest_route=%2Fwp%2Fv2%2Fcategories&post=9086"},{"taxonomy":"post_tag","embeddable":true,"href":"https:\/\/www.elregional.cl\/index.php?rest_route=%2Fwp%2Fv2%2Ftags&post=9086"}],"curies":[{"name":"wp","href":"https:\/\/api.w.org\/{rel}","templated":true}]}}