{"id":9107,"date":"2025-08-22T12:57:43","date_gmt":"2025-08-22T12:57:43","guid":{"rendered":"https:\/\/www.elregional.cl\/?p=9107"},"modified":"2025-08-22T12:57:43","modified_gmt":"2025-08-22T12:57:43","slug":"antofagasta-sera-escenario-de-la-quinta-noche-de-boxeo-profesional","status":"publish","type":"post","link":"https:\/\/www.elregional.cl\/?p=9107","title":{"rendered":"Antofagasta ser\u00e1 escenario de la quinta noche de boxeo profesional"},"content":{"rendered":"<div class=\"et_pb_module et_pb_post_title et_pb_post_title_0_tb_body et_pb_bg_layout_light  et_pb_text_align_left\">\n<div class=\"et_pb_title_container\">\n<h1 class=\"entry-title\"><\/h1>\n<\/div>\n<\/div>\n<div class=\"et_pb_module et_pb_text et_pb_text_1_tb_body  et_pb_text_align_left et_pb_bg_layout_light\">\n<div class=\"et_pb_text_inner\">El Evento que tendr\u00e1 lugar en el gimnasio Guibaldo Ormaz\u00e1bal este s\u00e1bado 23 de agosto a las 19 horas adem\u00e1s considera seis combates<\/div>\n<\/div>\n<div class=\"et_pb_module et_pb_post_content et_pb_post_content_0_tb_body\">\n<p>El pr\u00f3ximo s\u00e1bado 23 de agosto, Antofagasta ser\u00e1 sede de la Segunda Velada de Boxeo Profesional 2025, donde se disfrutar\u00e1 de tres combates profesionales y seis preliminares. El evento es organizado por la Escuela de Boxeo Puma Boxing Antofagasta y la Corporaci\u00f3n Municipal de Deportes y Recreaci\u00f3n de Antofagasta (CMDR).<\/p>\n<p>El evento comienza a las 19:00 horas con los seis combates preliminares, luego, se disputar\u00e1n tres combates profesionales de Chile vs Per\u00fa, con participaci\u00f3n de tres representantes de Antofagasta.<\/p>\n<p>En la categor\u00eda welter, Diego Ceballos \u201cEl Pantera\u201d abrir\u00e1 la jornada enfrentando a John Medina, en un duelo que promete encender el ambiente desde el primer campanazo. Luego, en el peso ligero pesado, Alan Bahamondes \u201cEl Puma\u201d se medir\u00e1 con Pablo Ag\u00fcero \u201cLa Pantera\u201d en una esperada revancha, reviviendo as\u00ed el intenso enfrentamiento que protagonizaron en la velada anterior. Finalmente, en el combate estelar de la noche, Gerardo Mart\u00ednez \u201cEl Pr\u00edncipe\u201d cerrar\u00e1 la velada enfrentando a Robert Enr\u00edquez en la categor\u00eda superwelter.<\/p>\n<p>El presidente de la Asociaci\u00f3n de Boxeo de Antofagasta y fundador de Antofagasta Puma Boxing, Hugo Torres, realiza una invitaci\u00f3n a participar en el pesaje, que se realizar\u00e1 el viernes 22 de agosto desde las 14:00 hrs. en el Complejo Deportivo Escolar Municipal.<\/p>\n<p>Por su parte, el director ejecutivo de la CMDR, Braulio Ot\u00e1rola, comenta que\u00a0<em>\u201ces la quinta versi\u00f3n de la Noche de Boxeo Profesional y estamos muy contentos de poder ser parte de este gran evento para apoyar y potenciar a los grandes exponentes de boxeo profesional de Antofagasta\u201d.<\/em><\/p>\n<p>El evento se llevar\u00e1 a cabo el pr\u00f3ximo s\u00e1bado 23 de agosto, desde las 19:00 horas, en el gimnasio Guibaldo Ormaz\u00e1bal, ubicado en calle 21 de mayo #548. La entrada general tiene un valor\u00a0de\u00a0$5.000.<\/p>\n<p>Madero.cl<\/p>\n<\/div>\n","protected":false},"excerpt":{"rendered":"<p>El Evento que tendr\u00e1 lugar en el gimnasio Guibaldo Ormaz\u00e1bal este s\u00e1bado 23 de agosto a las 19 horas adem\u00e1s considera seis combates El pr\u00f3ximo s\u00e1bado 23 de agosto, Antofagasta ser\u00e1 sede de la Segunda Velada de Boxeo Profesional 2025, donde se disfrutar\u00e1 de tres combates profesionales y seis preliminares. El evento es organizado por &hellip;<\/p>\n","protected":false},"author":2,"featured_media":9108,"comment_status":"closed","ping_status":"closed","sticky":false,"template":"","format":"standard","meta":{"footnotes":""},"categories":[5],"tags":[],"class_list":["post-9107","post","type-post","status-publish","format-standard","has-post-thumbnail","hentry","category-deportes"],"_links":{"self":[{"href":"https:\/\/www.elregional.cl\/index.php?rest_route=\/wp\/v2\/posts\/9107","targetHints":{"allow":["GET"]}}],"collection":[{"href":"https:\/\/www.elregional.cl\/index.php?rest_route=\/wp\/v2\/posts"}],"about":[{"href":"https:\/\/www.elregional.cl\/index.php?rest_route=\/wp\/v2\/types\/post"}],"author":[{"embeddable":true,"href":"https:\/\/www.elregional.cl\/index.php?rest_route=\/wp\/v2\/users\/2"}],"replies":[{"embeddable":true,"href":"https:\/\/www.elregional.cl\/index.php?rest_route=%2Fwp%2Fv2%2Fcomments&post=9107"}],"version-history":[{"count":1,"href":"https:\/\/www.elregional.cl\/index.php?rest_route=\/wp\/v2\/posts\/9107\/revisions"}],"predecessor-version":[{"id":9109,"href":"https:\/\/www.elregional.cl\/index.php?rest_route=\/wp\/v2\/posts\/9107\/revisions\/9109"}],"wp:featuredmedia":[{"embeddable":true,"href":"https:\/\/www.elregional.cl\/index.php?rest_route=\/wp\/v2\/media\/9108"}],"wp:attachment":[{"href":"https:\/\/www.elregional.cl\/index.php?rest_route=%2Fwp%2Fv2%2Fmedia&parent=9107"}],"wp:term":[{"taxonomy":"category","embeddable":true,"href":"https:\/\/www.elregional.cl\/index.php?rest_route=%2Fwp%2Fv2%2Fcategories&post=9107"},{"taxonomy":"post_tag","embeddable":true,"href":"https:\/\/www.elregional.cl\/index.php?rest_route=%2Fwp%2Fv2%2Ftags&post=9107"}],"curies":[{"name":"wp","href":"https:\/\/api.w.org\/{rel}","templated":true}]}}