{"id":9133,"date":"2025-08-24T08:26:20","date_gmt":"2025-08-24T08:26:20","guid":{"rendered":"https:\/\/www.elregional.cl\/?p=9133"},"modified":"2025-08-24T08:26:20","modified_gmt":"2025-08-24T08:26:20","slug":"una-persona-fallecida-deja-incendio-en-sector-pan-de-azucar-de-coquimbo","status":"publish","type":"post","link":"https:\/\/www.elregional.cl\/?p=9133","title":{"rendered":"Una persona fallecida deja incendio en sector Pan de Az\u00facar de Coquimbo"},"content":{"rendered":"<p>Una persona fallecida arroja hasta el momento\u00a0 un voraz incendio que se desarrolla en estos\u00a0 en la ciudad puerto.<\/p>\n<p>De acuerdo a fuentes de la Agrupaci\u00f3n Red de Emergencias regi\u00f3n Coquimbo se trata de un incendio estructural en la Villa El Bosque, contigua a la ruta D 43, en el sector rural cordillera de Pan de Az\u00facar. Al menos tres compa\u00f1\u00edas del cuerpo de bomberos de Coquimbo trabajan en la emergencia. Noticia em desarrollo.<\/p>\n","protected":false},"excerpt":{"rendered":"<p>Una persona fallecida arroja hasta el momento\u00a0 un voraz incendio que se desarrolla en estos\u00a0 en la ciudad puerto. De acuerdo a fuentes de la Agrupaci\u00f3n Red de Emergencias regi\u00f3n Coquimbo se trata de un incendio estructural en la Villa El Bosque, contigua a la ruta D 43, en el sector rural cordillera de Pan &hellip;<\/p>\n","protected":false},"author":2,"featured_media":9134,"comment_status":"closed","ping_status":"closed","sticky":false,"template":"","format":"standard","meta":{"footnotes":""},"categories":[2],"tags":[],"class_list":["post-9133","post","type-post","status-publish","format-standard","has-post-thumbnail","hentry","category-regionales"],"_links":{"self":[{"href":"https:\/\/www.elregional.cl\/index.php?rest_route=\/wp\/v2\/posts\/9133","targetHints":{"allow":["GET"]}}],"collection":[{"href":"https:\/\/www.elregional.cl\/index.php?rest_route=\/wp\/v2\/posts"}],"about":[{"href":"https:\/\/www.elregional.cl\/index.php?rest_route=\/wp\/v2\/types\/post"}],"author":[{"embeddable":true,"href":"https:\/\/www.elregional.cl\/index.php?rest_route=\/wp\/v2\/users\/2"}],"replies":[{"embeddable":true,"href":"https:\/\/www.elregional.cl\/index.php?rest_route=%2Fwp%2Fv2%2Fcomments&post=9133"}],"version-history":[{"count":1,"href":"https:\/\/www.elregional.cl\/index.php?rest_route=\/wp\/v2\/posts\/9133\/revisions"}],"predecessor-version":[{"id":9135,"href":"https:\/\/www.elregional.cl\/index.php?rest_route=\/wp\/v2\/posts\/9133\/revisions\/9135"}],"wp:featuredmedia":[{"embeddable":true,"href":"https:\/\/www.elregional.cl\/index.php?rest_route=\/wp\/v2\/media\/9134"}],"wp:attachment":[{"href":"https:\/\/www.elregional.cl\/index.php?rest_route=%2Fwp%2Fv2%2Fmedia&parent=9133"}],"wp:term":[{"taxonomy":"category","embeddable":true,"href":"https:\/\/www.elregional.cl\/index.php?rest_route=%2Fwp%2Fv2%2Fcategories&post=9133"},{"taxonomy":"post_tag","embeddable":true,"href":"https:\/\/www.elregional.cl\/index.php?rest_route=%2Fwp%2Fv2%2Ftags&post=9133"}],"curies":[{"name":"wp","href":"https:\/\/api.w.org\/{rel}","templated":true}]}}