{"id":9151,"date":"2025-08-25T05:27:46","date_gmt":"2025-08-25T05:27:46","guid":{"rendered":"https:\/\/www.elregional.cl\/?p=9151"},"modified":"2025-08-25T05:27:46","modified_gmt":"2025-08-25T05:27:46","slug":"chilenos-hacen-historia-en-record-mundial-de-paracaidismo","status":"publish","type":"post","link":"https:\/\/www.elregional.cl\/?p=9151","title":{"rendered":"Chilenos hacen historia en r\u00e9cord mundial de paracaidismo"},"content":{"rendered":"<div class=\"et_pb_module et_pb_post_title et_pb_post_title_0_tb_body et_pb_bg_layout_light  et_pb_text_align_left\">\n<div class=\"et_pb_title_container\">\n<h1 class=\"entry-title\"><\/h1>\n<\/div>\n<\/div>\n<div class=\"et_pb_module et_pb_text et_pb_text_1_tb_body  et_pb_text_align_left et_pb_bg_layout_light\">\n<div class=\"et_pb_text_inner\">Dos deportistas nacionales participaron en el r\u00e9cord de paracaidismo vertical con 174 atletas, consolidando una marca in\u00e9dita tras a\u00f1os de intentos fallidos.<\/div>\n<\/div>\n<div class=\"et_pb_module et_pb_image et_pb_image_0_tb_body\"><\/div>\n<div class=\"et_pb_module et_pb_post_content et_pb_post_content_0_tb_body\">\n<p data-start=\"411\" data-end=\"744\">El paracaidismo chileno alcanz\u00f3 un hito hist\u00f3rico luego de que dos compatriotas fueran parte del equipo que rompi\u00f3 el r\u00e9cord mundial de formaci\u00f3n vertical. La haza\u00f1a se concret\u00f3 en el condado de LaSalle, Estados Unidos, donde 174 atletas de 25 pa\u00edses lograron superar la marca que se manten\u00eda desde hace una d\u00e9cada.<\/p>\n<p data-start=\"746\" data-end=\"1084\">La prueba se desarroll\u00f3 tras cinco d\u00edas de intensos intentos y condiciones clim\u00e1ticas adversas que dificultaron los saltos. En total, se necesitaron nueve aeronaves que elevaron a los deportistas a m\u00e1s de 5 mil metros de altura, d\u00e1ndoles apenas 60 segundos para formar la figura antes de desplegar los paraca\u00eddas de manera sincronizada.<\/p>\n<p data-start=\"1086\" data-end=\"1388\">Mat\u00edas Baeza, paracaidista profesional chileno, destac\u00f3 la emoci\u00f3n de representar al pa\u00eds en un desaf\u00edo de tal magnitud. El deportista subray\u00f3 que este r\u00e9cord era buscado desde hace 10 a\u00f1os y nunca antes hab\u00eda contado con la presencia de un chileno en la formaci\u00f3n, lo que aumenta el valor del logro.<\/p>\n<p data-start=\"1390\" data-end=\"1748\">El paracaidismo vertical, tambi\u00e9n conocido como \u201ccabeza abajo\u201d, es considerado una de las disciplinas m\u00e1s exigentes del deporte por la velocidad y precisi\u00f3n que requiere. Pese a que inicialmente se buscaba una formaci\u00f3n de 200 personas, el grupo debi\u00f3 ajustar la meta debido al clima, logrando igualmente superar la marca anterior de 164 participantes.<\/p>\n<\/div>\n","protected":false},"excerpt":{"rendered":"<p>Dos deportistas nacionales participaron en el r\u00e9cord de paracaidismo vertical con 174 atletas, consolidando una marca in\u00e9dita tras a\u00f1os de intentos fallidos. El paracaidismo chileno alcanz\u00f3 un hito hist\u00f3rico luego de que dos compatriotas fueran parte del equipo que rompi\u00f3 el r\u00e9cord mundial de formaci\u00f3n vertical. La haza\u00f1a se concret\u00f3 en el condado de LaSalle, &hellip;<\/p>\n","protected":false},"author":2,"featured_media":9152,"comment_status":"closed","ping_status":"closed","sticky":false,"template":"","format":"standard","meta":{"footnotes":""},"categories":[4],"tags":[],"class_list":["post-9151","post","type-post","status-publish","format-standard","has-post-thumbnail","hentry","category-mundo"],"_links":{"self":[{"href":"https:\/\/www.elregional.cl\/index.php?rest_route=\/wp\/v2\/posts\/9151","targetHints":{"allow":["GET"]}}],"collection":[{"href":"https:\/\/www.elregional.cl\/index.php?rest_route=\/wp\/v2\/posts"}],"about":[{"href":"https:\/\/www.elregional.cl\/index.php?rest_route=\/wp\/v2\/types\/post"}],"author":[{"embeddable":true,"href":"https:\/\/www.elregional.cl\/index.php?rest_route=\/wp\/v2\/users\/2"}],"replies":[{"embeddable":true,"href":"https:\/\/www.elregional.cl\/index.php?rest_route=%2Fwp%2Fv2%2Fcomments&post=9151"}],"version-history":[{"count":1,"href":"https:\/\/www.elregional.cl\/index.php?rest_route=\/wp\/v2\/posts\/9151\/revisions"}],"predecessor-version":[{"id":9153,"href":"https:\/\/www.elregional.cl\/index.php?rest_route=\/wp\/v2\/posts\/9151\/revisions\/9153"}],"wp:featuredmedia":[{"embeddable":true,"href":"https:\/\/www.elregional.cl\/index.php?rest_route=\/wp\/v2\/media\/9152"}],"wp:attachment":[{"href":"https:\/\/www.elregional.cl\/index.php?rest_route=%2Fwp%2Fv2%2Fmedia&parent=9151"}],"wp:term":[{"taxonomy":"category","embeddable":true,"href":"https:\/\/www.elregional.cl\/index.php?rest_route=%2Fwp%2Fv2%2Fcategories&post=9151"},{"taxonomy":"post_tag","embeddable":true,"href":"https:\/\/www.elregional.cl\/index.php?rest_route=%2Fwp%2Fv2%2Ftags&post=9151"}],"curies":[{"name":"wp","href":"https:\/\/api.w.org\/{rel}","templated":true}]}}